{"id":5863,"date":"2025-09-30T17:40:14","date_gmt":"2025-09-30T15:40:14","guid":{"rendered":"https:\/\/realnews-beilngries.de\/?p=5863"},"modified":"2025-10-01T07:48:16","modified_gmt":"2025-10-01T05:48:16","slug":"plankstetten-paulushofen-pausenhof-der-arb-wandertag","status":"publish","type":"post","link":"https:\/\/realnews-beilngries.de\/?p=5863","title":{"rendered":"Plankstetten, Paulushofen, Pausenhof: der ARB-Wandertag"},"content":{"rendered":"\n<p><em><strong>Trotz k\u00fchlem Herbstwetter machten sich auch dieses Jahr wieder s\u00e4mtliche Sch\u00fclerinnen und Sch\u00fcler der ARB auf, um am traditionellen ersten Wandertag des neuen Schuljahres ihre n\u00e4here oder fernere Heimat zu erkunden. Realnews-Beilngries.de pr\u00e4sentiert euch einige Eindr\u00fccke von den verschiedenen Zielorten:<\/strong><\/em><\/p>\n\n\n\n<p>Einen Gro\u00dfteil der Klassen f\u00fchrte der Weg an die nahegelegene Kratzm\u00fchle &#8211; sozusagen zu Minigolf am Weiher:<\/p>\n\n\n\n<figure class=\"is-layout-flex wp-block-gallery-1 wp-block-gallery has-nested-images columns-default is-cropped\">\n<figure class=\"wp-block-image size-large\"><img decoding=\"async\" loading=\"lazy\" width=\"1024\" height=\"768\" data-id=\"5848\"  src=\"https:\/\/realnews-beilngries.de\/wp-content\/uploads\/2025\/09\/Kratzmuehle-2-1024x768.jpg\" alt=\"\" class=\"wp-image-5848\" srcset=\"https:\/\/realnews-beilngries.de\/wp-content\/uploads\/2025\/09\/Kratzmuehle-2-1024x768.jpg 1024w, https:\/\/realnews-beilngries.de\/wp-content\/uploads\/2025\/09\/Kratzmuehle-2-300x225.jpg 300w, https:\/\/realnews-beilngries.de\/wp-content\/uploads\/2025\/09\/Kratzmuehle-2-768x576.jpg 768w, https:\/\/realnews-beilngries.de\/wp-content\/uploads\/2025\/09\/Kratzmuehle-2-1536x1152.jpg 1536w, https:\/\/realnews-beilngries.de\/wp-content\/uploads\/2025\/09\/Kratzmuehle-2.jpg 2040w\" sizes=\"(max-width: 1024px) 100vw, 1024px\" \/><\/figure>\n\n\n\n<figure class=\"wp-block-image size-large\"><img decoding=\"async\" loading=\"lazy\" width=\"1024\" height=\"768\" data-id=\"5847\"  src=\"https:\/\/realnews-beilngries.de\/wp-content\/uploads\/2025\/09\/Kratzmuehle-1-1024x768.jpg\" alt=\"\" class=\"wp-image-5847\" srcset=\"https:\/\/realnews-beilngries.de\/wp-content\/uploads\/2025\/09\/Kratzmuehle-1-1024x768.jpg 1024w, https:\/\/realnews-beilngries.de\/wp-content\/uploads\/2025\/09\/Kratzmuehle-1-300x225.jpg 300w, https:\/\/realnews-beilngries.de\/wp-content\/uploads\/2025\/09\/Kratzmuehle-1-768x576.jpg 768w, https:\/\/realnews-beilngries.de\/wp-content\/uploads\/2025\/09\/Kratzmuehle-1-1536x1152.jpg 1536w, https:\/\/realnews-beilngries.de\/wp-content\/uploads\/2025\/09\/Kratzmuehle-1.jpg 2040w\" sizes=\"(max-width: 1024px) 100vw, 1024px\" \/><\/figure>\n\n\n\n<figure class=\"wp-block-image size-large\"><img decoding=\"async\" loading=\"lazy\" width=\"768\" height=\"1024\" data-id=\"5849\"  src=\"https:\/\/realnews-beilngries.de\/wp-content\/uploads\/2025\/09\/Kratzmuehle-3-768x1024.jpg\" alt=\"\" class=\"wp-image-5849\" srcset=\"https:\/\/realnews-beilngries.de\/wp-content\/uploads\/2025\/09\/Kratzmuehle-3-768x1024.jpg 768w, https:\/\/realnews-beilngries.de\/wp-content\/uploads\/2025\/09\/Kratzmuehle-3-225x300.jpg 225w, https:\/\/realnews-beilngries.de\/wp-content\/uploads\/2025\/09\/Kratzmuehle-3-1152x1536.jpg 1152w, https:\/\/realnews-beilngries.de\/wp-content\/uploads\/2025\/09\/Kratzmuehle-3.jpg 1500w\" sizes=\"(max-width: 768px) 100vw, 768px\" \/><\/figure>\n<\/figure>\n\n\n\n<p>Unsere &#8222;Bergziegen&#8220; brachen dagegen nach Paulushofen auf &#8211; nach dem steilen Anstieg galt es, die Konzentration f\u00fcr eine Runde Swingolf aufzubringen:<\/p>\n\n\n\n<figure class=\"is-layout-flex wp-block-gallery-3 wp-block-gallery has-nested-images columns-default is-cropped\">\n<figure class=\"wp-block-image size-large\"><img decoding=\"async\" loading=\"lazy\" width=\"1024\" height=\"768\" data-id=\"5851\"  src=\"https:\/\/realnews-beilngries.de\/wp-content\/uploads\/2025\/09\/Paulushofen-2-1024x768.jpg\" alt=\"\" class=\"wp-image-5851\" srcset=\"https:\/\/realnews-beilngries.de\/wp-content\/uploads\/2025\/09\/Paulushofen-2-1024x768.jpg 1024w, https:\/\/realnews-beilngries.de\/wp-content\/uploads\/2025\/09\/Paulushofen-2-300x225.jpg 300w, https:\/\/realnews-beilngries.de\/wp-content\/uploads\/2025\/09\/Paulushofen-2-768x576.jpg 768w, https:\/\/realnews-beilngries.de\/wp-content\/uploads\/2025\/09\/Paulushofen-2-1536x1152.jpg 1536w, https:\/\/realnews-beilngries.de\/wp-content\/uploads\/2025\/09\/Paulushofen-2.jpg 1600w\" sizes=\"(max-width: 1024px) 100vw, 1024px\" \/><\/figure>\n\n\n\n<figure class=\"wp-block-image size-large\"><img decoding=\"async\" loading=\"lazy\" width=\"1024\" height=\"768\" data-id=\"5850\"  src=\"https:\/\/realnews-beilngries.de\/wp-content\/uploads\/2025\/09\/Paulushofen-1-1024x768.jpg\" alt=\"\" class=\"wp-image-5850\" srcset=\"https:\/\/realnews-beilngries.de\/wp-content\/uploads\/2025\/09\/Paulushofen-1-1024x768.jpg 1024w, https:\/\/realnews-beilngries.de\/wp-content\/uploads\/2025\/09\/Paulushofen-1-300x225.jpg 300w, https:\/\/realnews-beilngries.de\/wp-content\/uploads\/2025\/09\/Paulushofen-1-768x576.jpg 768w, https:\/\/realnews-beilngries.de\/wp-content\/uploads\/2025\/09\/Paulushofen-1-1536x1152.jpg 1536w, https:\/\/realnews-beilngries.de\/wp-content\/uploads\/2025\/09\/Paulushofen-1.jpg 1600w\" sizes=\"(max-width: 1024px) 100vw, 1024px\" \/><\/figure>\n<\/figure>\n\n\n\n<p>Eine 6. Klasse begab sich dagegen eher nordw\u00e4rts den Ludwigskanal entlang &#8211; mit dem Ziel Kloster Plankstetten:<\/p>\n\n\n\n<figure class=\"is-layout-flex wp-block-gallery-5 wp-block-gallery has-nested-images columns-default is-cropped\">\n<figure class=\"wp-block-image size-large\"><img decoding=\"async\" loading=\"lazy\" width=\"1024\" height=\"768\" data-id=\"5852\"  src=\"https:\/\/realnews-beilngries.de\/wp-content\/uploads\/2025\/09\/Plankstetten-1-1024x768.jpg\" alt=\"\" class=\"wp-image-5852\" srcset=\"https:\/\/realnews-beilngries.de\/wp-content\/uploads\/2025\/09\/Plankstetten-1-1024x768.jpg 1024w, https:\/\/realnews-beilngries.de\/wp-content\/uploads\/2025\/09\/Plankstetten-1-300x225.jpg 300w, https:\/\/realnews-beilngries.de\/wp-content\/uploads\/2025\/09\/Plankstetten-1-768x576.jpg 768w, https:\/\/realnews-beilngries.de\/wp-content\/uploads\/2025\/09\/Plankstetten-1-1536x1152.jpg 1536w, https:\/\/realnews-beilngries.de\/wp-content\/uploads\/2025\/09\/Plankstetten-1-2048x1536.jpg 2048w\" sizes=\"(max-width: 1024px) 100vw, 1024px\" \/><\/figure>\n\n\n\n<figure class=\"wp-block-image size-large\"><img decoding=\"async\" loading=\"lazy\" width=\"1024\" height=\"768\" data-id=\"5853\"  src=\"https:\/\/realnews-beilngries.de\/wp-content\/uploads\/2025\/09\/Plankstetten-2-1024x768.jpg\" alt=\"\" class=\"wp-image-5853\" srcset=\"https:\/\/realnews-beilngries.de\/wp-content\/uploads\/2025\/09\/Plankstetten-2-1024x768.jpg 1024w, https:\/\/realnews-beilngries.de\/wp-content\/uploads\/2025\/09\/Plankstetten-2-300x225.jpg 300w, https:\/\/realnews-beilngries.de\/wp-content\/uploads\/2025\/09\/Plankstetten-2-768x576.jpg 768w, https:\/\/realnews-beilngries.de\/wp-content\/uploads\/2025\/09\/Plankstetten-2-1536x1152.jpg 1536w, https:\/\/realnews-beilngries.de\/wp-content\/uploads\/2025\/09\/Plankstetten-2-2048x1536.jpg 2048w\" sizes=\"(max-width: 1024px) 100vw, 1024px\" \/><\/figure>\n<\/figure>\n\n\n\n<p>Die weiteste &#8222;Wanderung&#8220; nahmen aber unsere Neuzug\u00e4nge der 5. Klassen auf sich: Ihr Weg f\u00fchrte zu L\u00f6wen und sonstigen wilden Tieren in den Zoo nach N\u00fcrnberg:<\/p>\n\n\n\n<figure class=\"is-layout-flex wp-block-gallery-7 wp-block-gallery has-nested-images columns-default is-cropped\">\n<figure class=\"wp-block-image size-large\"><img decoding=\"async\" loading=\"lazy\" width=\"1024\" height=\"768\" data-id=\"5855\"  src=\"https:\/\/realnews-beilngries.de\/wp-content\/uploads\/2025\/09\/Tiergarten-2-1024x768.jpg\" alt=\"\" class=\"wp-image-5855\" srcset=\"https:\/\/realnews-beilngries.de\/wp-content\/uploads\/2025\/09\/Tiergarten-2-1024x768.jpg 1024w, https:\/\/realnews-beilngries.de\/wp-content\/uploads\/2025\/09\/Tiergarten-2-300x225.jpg 300w, https:\/\/realnews-beilngries.de\/wp-content\/uploads\/2025\/09\/Tiergarten-2-768x576.jpg 768w, https:\/\/realnews-beilngries.de\/wp-content\/uploads\/2025\/09\/Tiergarten-2-1536x1152.jpg 1536w, https:\/\/realnews-beilngries.de\/wp-content\/uploads\/2025\/09\/Tiergarten-2.jpg 1600w\" sizes=\"(max-width: 1024px) 100vw, 1024px\" \/><\/figure>\n\n\n\n<figure class=\"wp-block-image size-large\"><img decoding=\"async\" loading=\"lazy\" width=\"1024\" height=\"768\" data-id=\"5854\"  src=\"https:\/\/realnews-beilngries.de\/wp-content\/uploads\/2025\/09\/Tiergarten-1-1024x768.jpg\" alt=\"\" class=\"wp-image-5854\" srcset=\"https:\/\/realnews-beilngries.de\/wp-content\/uploads\/2025\/09\/Tiergarten-1-1024x768.jpg 1024w, https:\/\/realnews-beilngries.de\/wp-content\/uploads\/2025\/09\/Tiergarten-1-300x225.jpg 300w, https:\/\/realnews-beilngries.de\/wp-content\/uploads\/2025\/09\/Tiergarten-1-768x576.jpg 768w, https:\/\/realnews-beilngries.de\/wp-content\/uploads\/2025\/09\/Tiergarten-1-1536x1152.jpg 1536w, https:\/\/realnews-beilngries.de\/wp-content\/uploads\/2025\/09\/Tiergarten-1.jpg 1600w\" sizes=\"(max-width: 1024px) 100vw, 1024px\" \/><\/figure>\n<\/figure>\n\n\n\n<p>Im Gegensatz dazu blieben einige Zehntkl\u00e4ssler in der Schule, um unser neuestes Kunstprojekt im Pausenhof weiter zu gestalten:<\/p>\n\n\n\n<figure class=\"is-layout-flex wp-block-gallery-9 wp-block-gallery has-nested-images columns-default is-cropped\">\n<figure class=\"wp-block-image size-large\"><img decoding=\"async\" loading=\"lazy\" width=\"1024\" height=\"768\" data-id=\"5857\"  src=\"https:\/\/realnews-beilngries.de\/wp-content\/uploads\/2025\/09\/Pausenhof-2-1024x768.jpeg\" alt=\"\" class=\"wp-image-5857\" srcset=\"https:\/\/realnews-beilngries.de\/wp-content\/uploads\/2025\/09\/Pausenhof-2-1024x768.jpeg 1024w, https:\/\/realnews-beilngries.de\/wp-content\/uploads\/2025\/09\/Pausenhof-2-300x225.jpeg 300w, https:\/\/realnews-beilngries.de\/wp-content\/uploads\/2025\/09\/Pausenhof-2-768x576.jpeg 768w, https:\/\/realnews-beilngries.de\/wp-content\/uploads\/2025\/09\/Pausenhof-2-1536x1152.jpeg 1536w, https:\/\/realnews-beilngries.de\/wp-content\/uploads\/2025\/09\/Pausenhof-2-2048x1536.jpeg 2048w\" sizes=\"(max-width: 1024px) 100vw, 1024px\" \/><\/figure>\n\n\n\n<figure class=\"wp-block-image size-large\"><img decoding=\"async\" loading=\"lazy\" width=\"1024\" height=\"768\" data-id=\"5856\"  src=\"https:\/\/realnews-beilngries.de\/wp-content\/uploads\/2025\/09\/Pausenhof-1-1024x768.jpeg\" alt=\"\" class=\"wp-image-5856\" srcset=\"https:\/\/realnews-beilngries.de\/wp-content\/uploads\/2025\/09\/Pausenhof-1-1024x768.jpeg 1024w, https:\/\/realnews-beilngries.de\/wp-content\/uploads\/2025\/09\/Pausenhof-1-300x225.jpeg 300w, https:\/\/realnews-beilngries.de\/wp-content\/uploads\/2025\/09\/Pausenhof-1-768x576.jpeg 768w, https:\/\/realnews-beilngries.de\/wp-content\/uploads\/2025\/09\/Pausenhof-1-1536x1152.jpeg 1536w, https:\/\/realnews-beilngries.de\/wp-content\/uploads\/2025\/09\/Pausenhof-1-2048x1536.jpeg 2048w\" sizes=\"(max-width: 1024px) 100vw, 1024px\" \/><\/figure>\n<\/figure>\n\n\n\n<p>Ganz sch\u00f6n viel los also am ARB-Wandertag &#8211; nur gut, dass alle Kinder und begleitenden Lehrkr\u00e4fte vom Regen verschont blieben!<\/p>\n","protected":false},"excerpt":{"rendered":"<p>Trotz k\u00fchlem Herbstwetter machten sich auch dieses Jahr wieder s\u00e4mtliche Sch\u00fclerinnen und Sch\u00fcler der ARB auf, um am traditionellen ersten Wandertag des neuen Schuljahres ihre<\/p>\n","protected":false},"author":19,"featured_media":5852,"comment_status":"open","ping_status":"open","sticky":false,"template":"","format":"standard","meta":[],"categories":[6],"tags":[64],"_links":{"self":[{"href":"https:\/\/realnews-beilngries.de\/index.php?rest_route=\/wp\/v2\/posts\/5863"}],"collection":[{"href":"https:\/\/realnews-beilngries.de\/index.php?rest_route=\/wp\/v2\/posts"}],"about":[{"href":"https:\/\/realnews-beilngries.de\/index.php?rest_route=\/wp\/v2\/types\/post"}],"author":[{"embeddable":true,"href":"https:\/\/realnews-beilngries.de\/index.php?rest_route=\/wp\/v2\/users\/19"}],"replies":[{"embeddable":true,"href":"https:\/\/realnews-beilngries.de\/index.php?rest_route=%2Fwp%2Fv2%2Fcomments&post=5863"}],"version-history":[{"count":2,"href":"https:\/\/realnews-beilngries.de\/index.php?rest_route=\/wp\/v2\/posts\/5863\/revisions"}],"predecessor-version":[{"id":5865,"href":"https:\/\/realnews-beilngries.de\/index.php?rest_route=\/wp\/v2\/posts\/5863\/revisions\/5865"}],"wp:featuredmedia":[{"embeddable":true,"href":"https:\/\/realnews-beilngries.de\/index.php?rest_route=\/wp\/v2\/media\/5852"}],"wp:attachment":[{"href":"https:\/\/realnews-beilngries.de\/index.php?rest_route=%2Fwp%2Fv2%2Fmedia&parent=5863"}],"wp:term":[{"taxonomy":"category","embeddable":true,"href":"https:\/\/realnews-beilngries.de\/index.php?rest_route=%2Fwp%2Fv2%2Fcategories&post=5863"},{"taxonomy":"post_tag","embeddable":true,"href":"https:\/\/realnews-beilngries.de\/index.php?rest_route=%2Fwp%2Fv2%2Ftags&post=5863"}],"curies":[{"name":"wp","href":"https:\/\/api.w.org\/{rel}","templated":true}]}}