{"id":3512,"date":"2023-01-24T12:37:11","date_gmt":"2023-01-24T11:37:11","guid":{"rendered":"http:\/\/realnews-beilngries.de\/?p=3512"},"modified":"2023-01-24T12:37:11","modified_gmt":"2023-01-24T11:37:11","slug":"deutsch-franzoesischer-tag-feiert-60-geburtstag","status":"publish","type":"post","link":"https:\/\/realnews-beilngries.de\/?p=3512","title":{"rendered":"Deutsch-franz\u00f6sischer Tag feiert 60. Geburtstag!"},"content":{"rendered":"\n<p><strong><em>Am Mittwoch, 25.01., findet wieder der traditionelle deutsch-franz\u00f6sische Tag statt &#8211; wie immer mit franz\u00f6sischen Spezialit\u00e4ten, einer Tombola und nat\u00fcrlich einer verl\u00e4ngerten Pause! \ud83d\ude09 Und weil die deutsch-franz\u00f6sische Freundschaft<\/em><\/strong> <strong><em>heuer auch noch ihren 60. Geburtstag feiert, bekommt ihr auf dem Blog die ganze Woche \u00fcber einige interessante Informationen rund um diesen blau-wei\u00df-roten\/schwarz-rot-goldenen Feiertag&#8230;<\/em><\/strong><\/p>\n\n\n\n<p>Heute verbindet Frankreich und Deutschland ein freundschaftliches Verh\u00e4ltnis. Doch das war nicht immer so: Der st\u00e4ndige Krieg zwischen den beiden L\u00e4ndern (1870\/71, 1914-1918 und 1939-1945) machte Franzosen und Deutschen jahrhundertelang das Leben schwer. Aber nun sollten aus Feinden endlich Freunde werden! Das war zumindest das Ziel des \u00c9lys\u00e9e-Vertrags. Keine Selbstverst\u00e4ndlichkeit, nur 18 Jahre nach dem Ende des Zweiten Weltkriegs.<\/p>\n\n\n<div class=\"wp-block-image\">\n<figure class=\"aligncenter size-full\"><img decoding=\"async\" loading=\"lazy\" width=\"284\" height=\"378\" src=\"http:\/\/realnews-beilngries.de\/wp-content\/uploads\/2023\/01\/Bild1.jpg\" alt=\"\" class=\"wp-image-3514\" srcset=\"https:\/\/realnews-beilngries.de\/wp-content\/uploads\/2023\/01\/Bild1.jpg 284w, https:\/\/realnews-beilngries.de\/wp-content\/uploads\/2023\/01\/Bild1-225x300.jpg 225w\" sizes=\"(max-width: 284px) 100vw, 284px\" \/><figcaption class=\"wp-element-caption\">Der \u00c9lys\u00e9e-Palast &#8211; Schauplatz des ersten Freundschaftsvertrages zwischen Frankreich und Deutschland.<\/figcaption><\/figure><\/div>\n\n\n<p>Am 22. Januar 1963 unterschrieben Bundeskanzler Konrad Adenauer und der franz\u00f6sische Staatspr\u00e4sident Charles de Gaulle im Pariser \u00c9lys\u00e9e-Palast eine \u201eGemeinsame Erkl\u00e4rung\u201c und den \u201eVertrag \u00fcber die deutsch-franz\u00f6sische Zusammenarbeit\u201c \u2013 kurz \u00c9lys\u00e9e-Vertrag. Dies feiern wir am deutsch-franz\u00f6sischen Tag!<\/p>\n","protected":false},"excerpt":{"rendered":"<p>Am Mittwoch, 25.01., findet wieder der traditionelle deutsch-franz\u00f6sische Tag statt &#8211; wie immer mit franz\u00f6sischen Spezialit\u00e4ten, einer Tombola und nat\u00fcrlich einer verl\u00e4ngerten Pause! \ud83d\ude09 Und<\/p>\n","protected":false},"author":19,"featured_media":3513,"comment_status":"open","ping_status":"open","sticky":false,"template":"","format":"standard","meta":[],"categories":[2],"tags":[29],"_links":{"self":[{"href":"https:\/\/realnews-beilngries.de\/index.php?rest_route=\/wp\/v2\/posts\/3512"}],"collection":[{"href":"https:\/\/realnews-beilngries.de\/index.php?rest_route=\/wp\/v2\/posts"}],"about":[{"href":"https:\/\/realnews-beilngries.de\/index.php?rest_route=\/wp\/v2\/types\/post"}],"author":[{"embeddable":true,"href":"https:\/\/realnews-beilngries.de\/index.php?rest_route=\/wp\/v2\/users\/19"}],"replies":[{"embeddable":true,"href":"https:\/\/realnews-beilngries.de\/index.php?rest_route=%2Fwp%2Fv2%2Fcomments&post=3512"}],"version-history":[{"count":1,"href":"https:\/\/realnews-beilngries.de\/index.php?rest_route=\/wp\/v2\/posts\/3512\/revisions"}],"predecessor-version":[{"id":3515,"href":"https:\/\/realnews-beilngries.de\/index.php?rest_route=\/wp\/v2\/posts\/3512\/revisions\/3515"}],"wp:featuredmedia":[{"embeddable":true,"href":"https:\/\/realnews-beilngries.de\/index.php?rest_route=\/wp\/v2\/media\/3513"}],"wp:attachment":[{"href":"https:\/\/realnews-beilngries.de\/index.php?rest_route=%2Fwp%2Fv2%2Fmedia&parent=3512"}],"wp:term":[{"taxonomy":"category","embeddable":true,"href":"https:\/\/realnews-beilngries.de\/index.php?rest_route=%2Fwp%2Fv2%2Fcategories&post=3512"},{"taxonomy":"post_tag","embeddable":true,"href":"https:\/\/realnews-beilngries.de\/index.php?rest_route=%2Fwp%2Fv2%2Ftags&post=3512"}],"curies":[{"name":"wp","href":"https:\/\/api.w.org\/{rel}","templated":true}]}}