{"id":2942,"date":"2022-05-25T14:44:18","date_gmt":"2022-05-25T12:44:18","guid":{"rendered":"http:\/\/realnews-beilngries.de\/?p=2942"},"modified":"2022-05-26T17:08:56","modified_gmt":"2022-05-26T15:08:56","slug":"auf-der-suche-nach-einem-neuen-lehrerzimmer","status":"publish","type":"post","link":"https:\/\/realnews-beilngries.de\/?p=2942","title":{"rendered":"Auf der Suche nach einem neuen Lehrerzimmer &#8230;"},"content":{"rendered":"\n<p><em><strong>Anfang Mai machten sich die Lehrkr\u00e4fte der ARB auf in die Bischofsstadt Eichst\u00e4tt, um dort die barocke Altstadt und insbesondere die ehemalige f\u00fcrstbisch\u00f6fliche Residenz zu besichtigen. Besonders f\u00fcr den pr\u00e4chtigen Spiegelsaal w\u00fcssten einige Teilnehmer auch heute noch eine sinnvolle Verwendung&#8230;<\/strong><\/em><\/p>\n\n\n\n<div class=\"wp-block-image\"><figure class=\"aligncenter size-large\"><img decoding=\"async\" loading=\"lazy\" width=\"1024\" height=\"576\" src=\"http:\/\/realnews-beilngries.de\/wp-content\/uploads\/2022\/05\/IMG-20220505-WA0006-1024x576.jpg\" alt=\"\" class=\"wp-image-2940\" srcset=\"https:\/\/realnews-beilngries.de\/wp-content\/uploads\/2022\/05\/IMG-20220505-WA0006-1024x576.jpg 1024w, https:\/\/realnews-beilngries.de\/wp-content\/uploads\/2022\/05\/IMG-20220505-WA0006-300x169.jpg 300w, https:\/\/realnews-beilngries.de\/wp-content\/uploads\/2022\/05\/IMG-20220505-WA0006-768x432.jpg 768w, https:\/\/realnews-beilngries.de\/wp-content\/uploads\/2022\/05\/IMG-20220505-WA0006-1536x864.jpg 1536w, https:\/\/realnews-beilngries.de\/wp-content\/uploads\/2022\/05\/IMG-20220505-WA0006.jpg 2016w\" sizes=\"(max-width: 1024px) 100vw, 1024px\" \/><figcaption>Beginn der Stadtf\u00fchrung am Marktplatz&#8230;<\/figcaption><\/figure><\/div>\n\n\n\n<p>Die Stadtf\u00fchrung durch Eichst\u00e4tt f\u00fchrte vom Marktplatz \u00fcber die f\u00fcrstbisch\u00f6fliche Residenz samt dazugeh\u00f6rigen Residenzplatz bis in die Schutzengelskirche. An allen Orten konnten die Lehrer*innen die barocke Pracht Eichst\u00e4tts bewundern. Ganz besonders erstaunt waren sie jedoch \u00fcber den prunkvollen Spiegelsaal in der Residenz &#8211; die kunstvollen Gem\u00e4lde und pr\u00e4chtigen Spiegel konnten sich einige auch ganz gut f\u00fcr das Lehrerzimmer an der ARB vorstellen. Vielleicht w\u00e4re das ja mal eine kleine Anregung im Vorfeld der n\u00e4chsten Renovierung&#8230; \ud83d\ude09<\/p>\n\n\n\n<div class=\"wp-block-image\"><figure class=\"aligncenter size-large\"><img decoding=\"async\" loading=\"lazy\" width=\"1024\" height=\"576\" src=\"http:\/\/realnews-beilngries.de\/wp-content\/uploads\/2022\/05\/IMG-20220505-WA0007-1024x576.jpg\" alt=\"\" class=\"wp-image-2941\" srcset=\"https:\/\/realnews-beilngries.de\/wp-content\/uploads\/2022\/05\/IMG-20220505-WA0007-1024x576.jpg 1024w, https:\/\/realnews-beilngries.de\/wp-content\/uploads\/2022\/05\/IMG-20220505-WA0007-300x169.jpg 300w, https:\/\/realnews-beilngries.de\/wp-content\/uploads\/2022\/05\/IMG-20220505-WA0007-768x432.jpg 768w, https:\/\/realnews-beilngries.de\/wp-content\/uploads\/2022\/05\/IMG-20220505-WA0007-1536x864.jpg 1536w, https:\/\/realnews-beilngries.de\/wp-content\/uploads\/2022\/05\/IMG-20220505-WA0007.jpg 2016w\" sizes=\"(max-width: 1024px) 100vw, 1024px\" \/><figcaption>Sitzprobe f\u00fcr das neue Lehrerzimmer? \ud83d\ude09<\/figcaption><\/figure><\/div>\n","protected":false},"excerpt":{"rendered":"<p>Anfang Mai machten sich die Lehrkr\u00e4fte der ARB auf in die Bischofsstadt Eichst\u00e4tt, um dort die barocke Altstadt und insbesondere die ehemalige f\u00fcrstbisch\u00f6fliche Residenz zu<\/p>\n","protected":false},"author":19,"featured_media":2939,"comment_status":"open","ping_status":"open","sticky":false,"template":"","format":"standard","meta":[],"categories":[4,6],"tags":[160],"_links":{"self":[{"href":"https:\/\/realnews-beilngries.de\/index.php?rest_route=\/wp\/v2\/posts\/2942"}],"collection":[{"href":"https:\/\/realnews-beilngries.de\/index.php?rest_route=\/wp\/v2\/posts"}],"about":[{"href":"https:\/\/realnews-beilngries.de\/index.php?rest_route=\/wp\/v2\/types\/post"}],"author":[{"embeddable":true,"href":"https:\/\/realnews-beilngries.de\/index.php?rest_route=\/wp\/v2\/users\/19"}],"replies":[{"embeddable":true,"href":"https:\/\/realnews-beilngries.de\/index.php?rest_route=%2Fwp%2Fv2%2Fcomments&post=2942"}],"version-history":[{"count":1,"href":"https:\/\/realnews-beilngries.de\/index.php?rest_route=\/wp\/v2\/posts\/2942\/revisions"}],"predecessor-version":[{"id":2943,"href":"https:\/\/realnews-beilngries.de\/index.php?rest_route=\/wp\/v2\/posts\/2942\/revisions\/2943"}],"wp:featuredmedia":[{"embeddable":true,"href":"https:\/\/realnews-beilngries.de\/index.php?rest_route=\/wp\/v2\/media\/2939"}],"wp:attachment":[{"href":"https:\/\/realnews-beilngries.de\/index.php?rest_route=%2Fwp%2Fv2%2Fmedia&parent=2942"}],"wp:term":[{"taxonomy":"category","embeddable":true,"href":"https:\/\/realnews-beilngries.de\/index.php?rest_route=%2Fwp%2Fv2%2Fcategories&post=2942"},{"taxonomy":"post_tag","embeddable":true,"href":"https:\/\/realnews-beilngries.de\/index.php?rest_route=%2Fwp%2Fv2%2Ftags&post=2942"}],"curies":[{"name":"wp","href":"https:\/\/api.w.org\/{rel}","templated":true}]}}