{"id":2372,"date":"2021-02-16T08:22:22","date_gmt":"2021-02-16T07:22:22","guid":{"rendered":"http:\/\/realnews-beilngries.de\/?p=2372"},"modified":"2021-02-16T08:23:33","modified_gmt":"2021-02-16T07:23:33","slug":"mandarin-pater-christoph-steigt-in-die-buett-mit-einem-faschingsgedicht","status":"publish","type":"post","link":"https:\/\/realnews-beilngries.de\/?p=2372","title":{"rendered":"Mandarin Pater Christoph &#8222;steigt in die B\u00fctt&#8220; &#8211; mit einem Faschingsgedicht!"},"content":{"rendered":"\n<p>Der Fasching 2021 ist zwar wegen Corona deutlich leiser als in den Jahren zuvor &#8211; aber deshalb nicht weniger lustig! P\u00fcnktlich zum H\u00f6hepunkt des n\u00e4rrischen Treibens tritt nun unser schulischer Karnevalsredner auf, um Frohsinn zu verbreiten &#8211; unser Pater Christoph (TUSCH!!!): \ud83d\ude42<\/p>\n\n\n\n<p class=\"has-text-align-center\"><em><strong>Ihr lieben Leute, lasst euch sagen:<\/strong><\/em><\/p>\n\n\n\n<p class=\"has-text-align-center\"><em><strong>Wir d\u00fcrfen alle nicht verzagen!<\/strong><\/em><\/p>\n\n\n\n<p class=\"has-text-align-center\"><em><strong>Es sind nicht Bomben und Raketen,<\/strong><\/em><\/p>\n\n\n\n<p class=\"has-text-align-center\"><em><strong>die \u00fcber unsren H\u00e4uptern schweben.<\/strong><\/em><\/p>\n\n\n\n<p class=\"has-text-align-center\"><em><strong>Ganz fiese Viren uns bekriegen,<\/strong><\/em><\/p>\n\n\n\n<p class=\"has-text-align-center\"><em><strong>die um uns in der Luft herfliegen,<\/strong><\/em><\/p>\n\n\n\n<p class=\"has-text-align-center\"><em><strong>die \u00fcber Mund und Nase schleichen<\/strong><\/em><\/p>\n\n\n\n<p class=\"has-text-align-center\"><em><strong>und vielen das Gehirn aufweichen.<\/strong><\/em><\/p>\n\n\n\n<div class=\"wp-block-image\"><figure class=\"aligncenter size-large is-resized\"><img decoding=\"async\" loading=\"lazy\" src=\"http:\/\/realnews-beilngries.de\/wp-content\/uploads\/2021\/02\/P.-Christophs-Haustier-682x1024.jpg\" alt=\"\" class=\"wp-image-2373\" width=\"175\" height=\"263\" srcset=\"https:\/\/realnews-beilngries.de\/wp-content\/uploads\/2021\/02\/P.-Christophs-Haustier-682x1024.jpg 682w, https:\/\/realnews-beilngries.de\/wp-content\/uploads\/2021\/02\/P.-Christophs-Haustier-200x300.jpg 200w, https:\/\/realnews-beilngries.de\/wp-content\/uploads\/2021\/02\/P.-Christophs-Haustier-768x1153.jpg 768w, https:\/\/realnews-beilngries.de\/wp-content\/uploads\/2021\/02\/P.-Christophs-Haustier-1023x1536.jpg 1023w, https:\/\/realnews-beilngries.de\/wp-content\/uploads\/2021\/02\/P.-Christophs-Haustier.jpg 1080w\" sizes=\"(max-width: 175px) 100vw, 175px\" \/><\/figure><\/div>\n\n\n\n<p class=\"has-text-align-center\"><em><strong>Sie machen krank und rauben Luft,<\/strong><\/em><\/p>\n\n\n\n<p class=\"has-text-align-center\"><em><strong>so manchen bringen sie in d\u00b4 Gruft.<\/strong><\/em><\/p>\n\n\n\n<p class=\"has-text-align-center\"><em><strong>Drum sitzen wir nun brav daheim;<\/strong><\/em><\/p>\n\n\n\n<p class=\"has-text-align-center\"><em><strong>den meisten ist\u00b4s die gr\u00f6\u00dfte Pein.<\/strong><\/em><\/p>\n\n\n\n<p class=\"has-text-align-center\"><em><strong>Doch woll\u00b4n wir da nicht viel \u00b4rumklagen,<\/strong><\/em><\/p>\n\n\n\n<p class=\"has-text-align-center\"><em><strong>den Frohsinn weiter heiter wagen.<\/strong><\/em><\/p>\n\n\n\n<p class=\"has-text-align-center\"><em><strong>Denn die Moral von der Geschicht\u00b4:<\/strong><\/em><\/p>\n\n\n\n<p class=\"has-text-align-center\"><em><strong>Auch die Corona schafft uns nicht!! H\u00e4h\u00e4!<\/strong><\/em><\/p>\n\n\n\n<div class=\"wp-block-image\"><figure class=\"aligncenter size-large is-resized\"><img decoding=\"async\" loading=\"lazy\" src=\"http:\/\/realnews-beilngries.de\/wp-content\/uploads\/2021\/02\/Mandarin-P.-Christoph-682x1024.jpg\" alt=\"\" class=\"wp-image-2374\" width=\"355\" height=\"533\" srcset=\"https:\/\/realnews-beilngries.de\/wp-content\/uploads\/2021\/02\/Mandarin-P.-Christoph-682x1024.jpg 682w, https:\/\/realnews-beilngries.de\/wp-content\/uploads\/2021\/02\/Mandarin-P.-Christoph-200x300.jpg 200w, https:\/\/realnews-beilngries.de\/wp-content\/uploads\/2021\/02\/Mandarin-P.-Christoph-768x1153.jpg 768w, https:\/\/realnews-beilngries.de\/wp-content\/uploads\/2021\/02\/Mandarin-P.-Christoph-1023x1536.jpg 1023w, https:\/\/realnews-beilngries.de\/wp-content\/uploads\/2021\/02\/Mandarin-P.-Christoph.jpg 1080w\" sizes=\"(max-width: 355px) 100vw, 355px\" \/><figcaption>Einen sch\u00f6nen Fasching w\u00fcnschen euch Mandarin Pater Christoph und sein neues &#8222;Haustier&#8220;! \ud83d\ude09<\/figcaption><\/figure><\/div>\n","protected":false},"excerpt":{"rendered":"<p>Der Fasching 2021 ist zwar wegen Corona deutlich leiser als in den Jahren zuvor &#8211; aber deshalb nicht weniger lustig! P\u00fcnktlich zum H\u00f6hepunkt des n\u00e4rrischen<\/p>\n","protected":false},"author":19,"featured_media":2376,"comment_status":"open","ping_status":"open","sticky":false,"template":"","format":"standard","meta":[],"categories":[4],"tags":[98],"_links":{"self":[{"href":"https:\/\/realnews-beilngries.de\/index.php?rest_route=\/wp\/v2\/posts\/2372"}],"collection":[{"href":"https:\/\/realnews-beilngries.de\/index.php?rest_route=\/wp\/v2\/posts"}],"about":[{"href":"https:\/\/realnews-beilngries.de\/index.php?rest_route=\/wp\/v2\/types\/post"}],"author":[{"embeddable":true,"href":"https:\/\/realnews-beilngries.de\/index.php?rest_route=\/wp\/v2\/users\/19"}],"replies":[{"embeddable":true,"href":"https:\/\/realnews-beilngries.de\/index.php?rest_route=%2Fwp%2Fv2%2Fcomments&post=2372"}],"version-history":[{"count":3,"href":"https:\/\/realnews-beilngries.de\/index.php?rest_route=\/wp\/v2\/posts\/2372\/revisions"}],"predecessor-version":[{"id":2378,"href":"https:\/\/realnews-beilngries.de\/index.php?rest_route=\/wp\/v2\/posts\/2372\/revisions\/2378"}],"wp:featuredmedia":[{"embeddable":true,"href":"https:\/\/realnews-beilngries.de\/index.php?rest_route=\/wp\/v2\/media\/2376"}],"wp:attachment":[{"href":"https:\/\/realnews-beilngries.de\/index.php?rest_route=%2Fwp%2Fv2%2Fmedia&parent=2372"}],"wp:term":[{"taxonomy":"category","embeddable":true,"href":"https:\/\/realnews-beilngries.de\/index.php?rest_route=%2Fwp%2Fv2%2Fcategories&post=2372"},{"taxonomy":"post_tag","embeddable":true,"href":"https:\/\/realnews-beilngries.de\/index.php?rest_route=%2Fwp%2Fv2%2Ftags&post=2372"}],"curies":[{"name":"wp","href":"https:\/\/api.w.org\/{rel}","templated":true}]}}