{"id":2040,"date":"2020-12-01T08:12:16","date_gmt":"2020-12-01T07:12:16","guid":{"rendered":"http:\/\/realnews-beilngries.de\/?p=2040"},"modified":"2020-12-01T16:07:54","modified_gmt":"2020-12-01T15:07:54","slug":"24-gute-taten-die-adventskalender-aktion-der-smv","status":"publish","type":"post","link":"https:\/\/realnews-beilngries.de\/?p=2040","title":{"rendered":"&#8222;24-gute-Taten&#8220;: die Adventskalender-Aktion der SMV!"},"content":{"rendered":"\n<p><em><strong>Erinnert ihr euch noch an den ARB-Adventskalender im letzten Jahr? Damals stand in der Aula gleich links neben dem Vertretungsplan ein gro\u00dfer Sternenhimmel &#8211; und darauf immer eine neue kleine &#8222;gute Tat&#8220;, die ihr euch f\u00fcr jeden Schultag vornehmen konntet. Auch dieses Jahr gibt es wieder eine Advents-Aktion an unserer ARB. Und wieder hat sie was mit guten Taten zu tun &#8211; genauer gesagt, mit 24 guten Taten!<\/strong><\/em><\/p>\n\n\n\n<p>Organisiert wird die Aktion von der SMV: An jedem Advents-Tag wird ein Euro von euch Sch\u00fclerinnen und Sch\u00fclern f\u00fcr ein weltweites soziales Projekt gespendet &#8211; aus den Bereichen Gesundheit, Bildung, Versorgung und Natur. Wenn ihr also an jedem Tag ein T\u00fcrchen eures Adventskalenders \u00f6ffnet oder auf der Homepage der Hilfsorganisation <em><strong>https:\/\/www.24-gute-taten.de\/<\/strong><\/em> nachschaut, k\u00f6nnt ihr mitverfolgen, wof\u00fcr euer Geld verwendet wird.<\/p>\n\n\n\n<figure class=\"wp-block-image size-large is-resized\"><img decoding=\"async\" loading=\"lazy\" src=\"http:\/\/realnews-beilngries.de\/wp-content\/uploads\/2020\/12\/Tag-1-1024x660.jpg\" alt=\"\" class=\"wp-image-2046\" width=\"615\" height=\"396\" srcset=\"https:\/\/realnews-beilngries.de\/wp-content\/uploads\/2020\/12\/Tag-1-1024x660.jpg 1024w, https:\/\/realnews-beilngries.de\/wp-content\/uploads\/2020\/12\/Tag-1-300x193.jpg 300w, https:\/\/realnews-beilngries.de\/wp-content\/uploads\/2020\/12\/Tag-1-768x495.jpg 768w, https:\/\/realnews-beilngries.de\/wp-content\/uploads\/2020\/12\/Tag-1.jpg 1420w\" sizes=\"(max-width: 615px) 100vw, 615px\" \/><\/figure>\n\n\n\n<p>Am 1. Dezember unterst\u00fctzt ihr das Berliner Projekt &#8222;Gemeinsam weniger einsam&#8220;, das sich um \u00e4ltere allein lebende Menschen k\u00fcmmert. <strong>Vielen Dank f\u00fcr eure Spende und viel Spa\u00df bei der Aktion<\/strong> w\u00fcnschen euch eure SMV und euer Schulblog!<\/p>\n","protected":false},"excerpt":{"rendered":"<p>Erinnert ihr euch noch an den ARB-Adventskalender im letzten Jahr? Damals stand in der Aula gleich links neben dem Vertretungsplan ein gro\u00dfer Sternenhimmel &#8211; und<\/p>\n","protected":false},"author":19,"featured_media":2042,"comment_status":"open","ping_status":"open","sticky":false,"template":"","format":"standard","meta":[],"categories":[2],"tags":[111],"_links":{"self":[{"href":"https:\/\/realnews-beilngries.de\/index.php?rest_route=\/wp\/v2\/posts\/2040"}],"collection":[{"href":"https:\/\/realnews-beilngries.de\/index.php?rest_route=\/wp\/v2\/posts"}],"about":[{"href":"https:\/\/realnews-beilngries.de\/index.php?rest_route=\/wp\/v2\/types\/post"}],"author":[{"embeddable":true,"href":"https:\/\/realnews-beilngries.de\/index.php?rest_route=\/wp\/v2\/users\/19"}],"replies":[{"embeddable":true,"href":"https:\/\/realnews-beilngries.de\/index.php?rest_route=%2Fwp%2Fv2%2Fcomments&post=2040"}],"version-history":[{"count":5,"href":"https:\/\/realnews-beilngries.de\/index.php?rest_route=\/wp\/v2\/posts\/2040\/revisions"}],"predecessor-version":[{"id":2051,"href":"https:\/\/realnews-beilngries.de\/index.php?rest_route=\/wp\/v2\/posts\/2040\/revisions\/2051"}],"wp:featuredmedia":[{"embeddable":true,"href":"https:\/\/realnews-beilngries.de\/index.php?rest_route=\/wp\/v2\/media\/2042"}],"wp:attachment":[{"href":"https:\/\/realnews-beilngries.de\/index.php?rest_route=%2Fwp%2Fv2%2Fmedia&parent=2040"}],"wp:term":[{"taxonomy":"category","embeddable":true,"href":"https:\/\/realnews-beilngries.de\/index.php?rest_route=%2Fwp%2Fv2%2Fcategories&post=2040"},{"taxonomy":"post_tag","embeddable":true,"href":"https:\/\/realnews-beilngries.de\/index.php?rest_route=%2Fwp%2Fv2%2Ftags&post=2040"}],"curies":[{"name":"wp","href":"https:\/\/api.w.org\/{rel}","templated":true}]}}