{"id":1850,"date":"2020-05-05T15:43:18","date_gmt":"2020-05-05T13:43:18","guid":{"rendered":"http:\/\/realnews-beilngries.de\/?p=1850"},"modified":"2020-05-05T15:43:18","modified_gmt":"2020-05-05T13:43:18","slug":"the-masked-teacher-oder-ministerpraesident-zu-besuch","status":"publish","type":"post","link":"https:\/\/realnews-beilngries.de\/?p=1850","title":{"rendered":"&#8222;The masked teacher&#8220; &#8211; oder: Ministerpr\u00e4sident zu Besuch!?"},"content":{"rendered":"\n<p><em><strong>Da staunten einige Lehrkr\u00e4fte (und auch Sch\u00fcler?) am Dienstagmorgen nicht schlecht: War das etwa Bayerns Ministerpr\u00e4sident Markus S\u00f6der, der da hinter den bayerischen Landesfarben steckte???<\/strong><\/em><\/p>\n\n\n\n<p><em><strong>Realnews-Beilngries.de<\/strong><\/em> ergriff jedenfalls schnell die Gunst der Stunde und zerrte den vermeintlichen Politiker zum Interview vor die Kamera. Schlie\u00dflich wollten wir Genaueres zur &#8222;klugen Strategie&#8220; in Zeiten der Coronakrise erfahren &#8230; vor allem, wann unsere 5.-9. Klassen wieder zur\u00fcck an die Schule d\u00fcrfen.<\/p>\n\n\n\n<p>Als unser Interview-Partner allerdings dann irgendetwas von &#8222;Schulband&#8220;, &#8222;Big Band-Klasse&#8220; und &#8222;Mathe-Abschluss&#8220; erz\u00e4hlte, war uns auch schnell klar, dass wir hier keinesfalls den bayerischen Ministerpr\u00e4sidenten vor uns hatten &#8230; wer aber stattdessen unter der Bayern-Maske steckte, wissen wir leider immer noch nicht.<\/p>\n\n\n\n<p>Vielleicht kann uns jemand einen Tipp geben??? \ud83d\ude09<\/p>\n","protected":false},"excerpt":{"rendered":"<p>Da staunten einige Lehrkr\u00e4fte (und auch Sch\u00fcler?) am Dienstagmorgen nicht schlecht: War das etwa Bayerns Ministerpr\u00e4sident Markus S\u00f6der, der da hinter den bayerischen Landesfarben steckte???<\/p>\n","protected":false},"author":19,"featured_media":1851,"comment_status":"open","ping_status":"open","sticky":false,"template":"","format":"standard","meta":[],"categories":[4],"tags":[98],"_links":{"self":[{"href":"https:\/\/realnews-beilngries.de\/index.php?rest_route=\/wp\/v2\/posts\/1850"}],"collection":[{"href":"https:\/\/realnews-beilngries.de\/index.php?rest_route=\/wp\/v2\/posts"}],"about":[{"href":"https:\/\/realnews-beilngries.de\/index.php?rest_route=\/wp\/v2\/types\/post"}],"author":[{"embeddable":true,"href":"https:\/\/realnews-beilngries.de\/index.php?rest_route=\/wp\/v2\/users\/19"}],"replies":[{"embeddable":true,"href":"https:\/\/realnews-beilngries.de\/index.php?rest_route=%2Fwp%2Fv2%2Fcomments&post=1850"}],"version-history":[{"count":1,"href":"https:\/\/realnews-beilngries.de\/index.php?rest_route=\/wp\/v2\/posts\/1850\/revisions"}],"predecessor-version":[{"id":1852,"href":"https:\/\/realnews-beilngries.de\/index.php?rest_route=\/wp\/v2\/posts\/1850\/revisions\/1852"}],"wp:featuredmedia":[{"embeddable":true,"href":"https:\/\/realnews-beilngries.de\/index.php?rest_route=\/wp\/v2\/media\/1851"}],"wp:attachment":[{"href":"https:\/\/realnews-beilngries.de\/index.php?rest_route=%2Fwp%2Fv2%2Fmedia&parent=1850"}],"wp:term":[{"taxonomy":"category","embeddable":true,"href":"https:\/\/realnews-beilngries.de\/index.php?rest_route=%2Fwp%2Fv2%2Fcategories&post=1850"},{"taxonomy":"post_tag","embeddable":true,"href":"https:\/\/realnews-beilngries.de\/index.php?rest_route=%2Fwp%2Fv2%2Ftags&post=1850"}],"curies":[{"name":"wp","href":"https:\/\/api.w.org\/{rel}","templated":true}]}}