{"id":1324,"date":"2019-09-22T15:25:57","date_gmt":"2019-09-22T13:25:57","guid":{"rendered":"http:\/\/realnews-beilngries.de\/?p=1324"},"modified":"2019-09-23T16:32:11","modified_gmt":"2019-09-23T14:32:11","slug":"sportliche-altmuehltal-realschule-teil-2","status":"publish","type":"post","link":"https:\/\/realnews-beilngries.de\/?p=1324","title":{"rendered":"Sportliche Altm\u00fchltal-Realschule &#8211; Teil 2"},"content":{"rendered":"\n<p><strong>Am Freitag, dem 20.09.2019, fanden f\u00fcr alle Sch\u00fclerinnen und Sch\u00fcler unserer Realschule die Bundesjugendspiele statt.<\/strong><\/p>\n\n\n\n<p>Schauplatz war traditionell das Altm\u00fchl-Stadion des 1. FC Beilngries &#8211; und das erlebte wie jedes Jahr perfekt organisierte Wettk\u00e4mpfe mit zahlreichen sportlichen H\u00f6chstleistungen. Hier einige Bilder von den Sportst\u00e4tten:<\/p>\n\n\n\n<figure class=\"wp-block-image\"><img decoding=\"async\" loading=\"lazy\" width=\"1024\" height=\"683\" src=\"http:\/\/realnews-beilngries.de\/wp-content\/uploads\/2019\/09\/IMG_6065-1024x683.jpg\" alt=\"\" class=\"wp-image-1315\" srcset=\"https:\/\/realnews-beilngries.de\/wp-content\/uploads\/2019\/09\/IMG_6065-1024x683.jpg 1024w, https:\/\/realnews-beilngries.de\/wp-content\/uploads\/2019\/09\/IMG_6065-300x200.jpg 300w, https:\/\/realnews-beilngries.de\/wp-content\/uploads\/2019\/09\/IMG_6065-768x512.jpg 768w\" sizes=\"(max-width: 1024px) 100vw, 1024px\" \/><figcaption>Einteilung in die Wettkampf-Riegen kurz vor Beginn der Bundesjugendspiele.<\/figcaption><\/figure>\n\n\n\n<figure class=\"wp-block-image\"><img decoding=\"async\" loading=\"lazy\" width=\"1024\" height=\"683\" src=\"http:\/\/realnews-beilngries.de\/wp-content\/uploads\/2019\/09\/IMG_6124-1024x683.jpg\" alt=\"\" class=\"wp-image-1327\" srcset=\"https:\/\/realnews-beilngries.de\/wp-content\/uploads\/2019\/09\/IMG_6124-1024x683.jpg 1024w, https:\/\/realnews-beilngries.de\/wp-content\/uploads\/2019\/09\/IMG_6124-300x200.jpg 300w, https:\/\/realnews-beilngries.de\/wp-content\/uploads\/2019\/09\/IMG_6124-768x512.jpg 768w\" sizes=\"(max-width: 1024px) 100vw, 1024px\" \/><figcaption>Das Werfen zu F\u00fc\u00dfen von Schloss Hirschberg.<\/figcaption><\/figure>\n\n\n\n<figure class=\"wp-block-image\"><img decoding=\"async\" loading=\"lazy\" width=\"1024\" height=\"683\" src=\"http:\/\/realnews-beilngries.de\/wp-content\/uploads\/2019\/09\/IMG_6129-1024x683.jpg\" alt=\"\" class=\"wp-image-1328\" srcset=\"https:\/\/realnews-beilngries.de\/wp-content\/uploads\/2019\/09\/IMG_6129-1024x683.jpg 1024w, https:\/\/realnews-beilngries.de\/wp-content\/uploads\/2019\/09\/IMG_6129-300x200.jpg 300w, https:\/\/realnews-beilngries.de\/wp-content\/uploads\/2019\/09\/IMG_6129-768x512.jpg 768w\" sizes=\"(max-width: 1024px) 100vw, 1024px\" \/><figcaption>Endlich geschafft!<\/figcaption><\/figure>\n\n\n\n<figure class=\"wp-block-image\"><img decoding=\"async\" loading=\"lazy\" width=\"1024\" height=\"698\" src=\"http:\/\/realnews-beilngries.de\/wp-content\/uploads\/2019\/09\/IMG-20190923-WA0004-1024x698.jpg\" alt=\"\" class=\"wp-image-1333\" srcset=\"https:\/\/realnews-beilngries.de\/wp-content\/uploads\/2019\/09\/IMG-20190923-WA0004-1024x698.jpg 1024w, https:\/\/realnews-beilngries.de\/wp-content\/uploads\/2019\/09\/IMG-20190923-WA0004-300x205.jpg 300w, https:\/\/realnews-beilngries.de\/wp-content\/uploads\/2019\/09\/IMG-20190923-WA0004-768x524.jpg 768w, https:\/\/realnews-beilngries.de\/wp-content\/uploads\/2019\/09\/IMG-20190923-WA0004.jpg 1521w\" sizes=\"(max-width: 1024px) 100vw, 1024px\" \/><figcaption> Die besten Sportlerinnen bei den M\u00e4dchen :<br> Annika Hofmann (6d, 266 \u00dcber-Punkte, 2. Platz), Luisa Meyer (7b, 280 \u00dcber-Punkte, 1. Platz),<br>Vanessa Graber (8d, 212 \u00dcber-Punkte, 3. Platz). <\/figcaption><\/figure>\n\n\n\n<figure class=\"wp-block-image\"><img decoding=\"async\" loading=\"lazy\" width=\"1024\" height=\"768\" src=\"http:\/\/realnews-beilngries.de\/wp-content\/uploads\/2019\/09\/IMG-20190923-WA0001-1024x768.jpg\" alt=\"\" class=\"wp-image-1332\" srcset=\"https:\/\/realnews-beilngries.de\/wp-content\/uploads\/2019\/09\/IMG-20190923-WA0001-1024x768.jpg 1024w, https:\/\/realnews-beilngries.de\/wp-content\/uploads\/2019\/09\/IMG-20190923-WA0001-300x225.jpg 300w, https:\/\/realnews-beilngries.de\/wp-content\/uploads\/2019\/09\/IMG-20190923-WA0001-768x576.jpg 768w, https:\/\/realnews-beilngries.de\/wp-content\/uploads\/2019\/09\/IMG-20190923-WA0001.jpg 1600w\" sizes=\"(max-width: 1024px) 100vw, 1024px\" \/><figcaption> Die besten Sportler bei den Jungen:<br>Benedikt Riedl (10a, 217 \u00dcber-Punkte, 2. Platz), Andreas Mittermeier (9b, 235 \u00dcber-Punkte, 1. Platz),<br>Veit Ingerling (8c, 197 \u00dcber-Punkte, 3. Platz).<\/figcaption><\/figure>\n\n\n\n<figure class=\"wp-block-image\"><img decoding=\"async\" loading=\"lazy\" width=\"1024\" height=\"664\" src=\"http:\/\/realnews-beilngries.de\/wp-content\/uploads\/2019\/09\/IMG_6137-1024x664.jpg\" alt=\"\" class=\"wp-image-1319\" srcset=\"https:\/\/realnews-beilngries.de\/wp-content\/uploads\/2019\/09\/IMG_6137-1024x664.jpg 1024w, https:\/\/realnews-beilngries.de\/wp-content\/uploads\/2019\/09\/IMG_6137-300x195.jpg 300w, https:\/\/realnews-beilngries.de\/wp-content\/uploads\/2019\/09\/IMG_6137-768x498.jpg 768w\" sizes=\"(max-width: 1024px) 100vw, 1024px\" \/><figcaption>Die erfolgreichste Klasse mit 11 Ehren- und 12 Siegerurkunden (und zusammen mit Chef-Organisator und Stadionsprecher Herrn Schmitt): unsere 6d.<\/figcaption><\/figure>\n","protected":false},"excerpt":{"rendered":"<p>Am Freitag, dem 20.09.2019, fanden f\u00fcr alle Sch\u00fclerinnen und Sch\u00fcler unserer Realschule die Bundesjugendspiele statt. Schauplatz war traditionell das Altm\u00fchl-Stadion des 1. FC Beilngries &#8211;<\/p>\n","protected":false},"author":19,"featured_media":1326,"comment_status":"open","ping_status":"open","sticky":false,"template":"","format":"standard","meta":[],"categories":[2],"tags":[69],"_links":{"self":[{"href":"https:\/\/realnews-beilngries.de\/index.php?rest_route=\/wp\/v2\/posts\/1324"}],"collection":[{"href":"https:\/\/realnews-beilngries.de\/index.php?rest_route=\/wp\/v2\/posts"}],"about":[{"href":"https:\/\/realnews-beilngries.de\/index.php?rest_route=\/wp\/v2\/types\/post"}],"author":[{"embeddable":true,"href":"https:\/\/realnews-beilngries.de\/index.php?rest_route=\/wp\/v2\/users\/19"}],"replies":[{"embeddable":true,"href":"https:\/\/realnews-beilngries.de\/index.php?rest_route=%2Fwp%2Fv2%2Fcomments&post=1324"}],"version-history":[{"count":4,"href":"https:\/\/realnews-beilngries.de\/index.php?rest_route=\/wp\/v2\/posts\/1324\/revisions"}],"predecessor-version":[{"id":1334,"href":"https:\/\/realnews-beilngries.de\/index.php?rest_route=\/wp\/v2\/posts\/1324\/revisions\/1334"}],"wp:featuredmedia":[{"embeddable":true,"href":"https:\/\/realnews-beilngries.de\/index.php?rest_route=\/wp\/v2\/media\/1326"}],"wp:attachment":[{"href":"https:\/\/realnews-beilngries.de\/index.php?rest_route=%2Fwp%2Fv2%2Fmedia&parent=1324"}],"wp:term":[{"taxonomy":"category","embeddable":true,"href":"https:\/\/realnews-beilngries.de\/index.php?rest_route=%2Fwp%2Fv2%2Fcategories&post=1324"},{"taxonomy":"post_tag","embeddable":true,"href":"https:\/\/realnews-beilngries.de\/index.php?rest_route=%2Fwp%2Fv2%2Ftags&post=1324"}],"curies":[{"name":"wp","href":"https:\/\/api.w.org\/{rel}","templated":true}]}}