{"id":1304,"date":"2019-09-11T17:56:27","date_gmt":"2019-09-11T15:56:27","guid":{"rendered":"http:\/\/realnews-beilngries.de\/?p=1304"},"modified":"2019-09-11T17:56:27","modified_gmt":"2019-09-11T15:56:27","slug":"unsere-schule-wird-50-der-lehrerchor-probt-schon","status":"publish","type":"post","link":"https:\/\/realnews-beilngries.de\/?p=1304","title":{"rendered":"Unsere Schule wird 50 &#8211; der Lehrerchor probt schon&#8230;"},"content":{"rendered":"\n<p><strong>Anfang Oktober ist es soweit: Unsere ARB feiert ihren runden 50. Geburtstag! Im Hintergrund laufen bereits die Vorbereitungen f\u00fcr eine gro\u00dfe Geburtstagsparty mit vielen \u00dcberraschungen!<\/strong><\/p>\n\n\n\n<p>Nun haben sich auch einige (mehr oder weniger) musikalisch begabte Lehrkr\u00e4fte und Sekret\u00e4rinnen unserer Schule zu einem Lehrerchor zusammengeschlossen, um ein Geburtstags-St\u00e4ndchen f\u00fcr unsere Schule einzustudieren. Und die ersten gesanglichen Versuche unter der Leitung von Herrn Staudigl waren durchaus vielversprechend&#8230;Dieter Bohlen als Juror bei &#8222;DSDS&#8220; w\u00e4re sicherlich stolz auf die S\u00e4nger gewesen.<\/p>\n\n\n\n<p>Lediglich die Frage, wer im neuen Chor als Dirigent den Takt vorgeben soll, blieb noch ungekl\u00e4rt. Wie das Bild beweist, hat neben Herrn Staudigl auch Herr Schmitt seine Ambitionen auf den Posten angemeldet&#8230;<\/p>\n\n\n\n<figure class=\"wp-block-image\"><img decoding=\"async\" loading=\"lazy\" width=\"1024\" height=\"583\" src=\"http:\/\/realnews-beilngries.de\/wp-content\/uploads\/2019\/09\/IMG_6050-1024x583.jpg\" alt=\"\" class=\"wp-image-1301\" srcset=\"https:\/\/realnews-beilngries.de\/wp-content\/uploads\/2019\/09\/IMG_6050-1024x583.jpg 1024w, https:\/\/realnews-beilngries.de\/wp-content\/uploads\/2019\/09\/IMG_6050-300x171.jpg 300w, https:\/\/realnews-beilngries.de\/wp-content\/uploads\/2019\/09\/IMG_6050-768x437.jpg 768w\" sizes=\"(max-width: 1024px) 100vw, 1024px\" \/><figcaption>&#8222;Alles h\u00f6rt auf mein Kommando!&#8220;<br>&#8222;Nein, auf MEIN Kommando&#8230;&#8220;<\/figcaption><\/figure>\n","protected":false},"excerpt":{"rendered":"<p>Anfang Oktober ist es soweit: Unsere ARB feiert ihren runden 50. Geburtstag! Im Hintergrund laufen bereits die Vorbereitungen f\u00fcr eine gro\u00dfe Geburtstagsparty mit vielen \u00dcberraschungen!<\/p>\n","protected":false},"author":19,"featured_media":1302,"comment_status":"open","ping_status":"open","sticky":false,"template":"","format":"standard","meta":[],"categories":[4],"tags":[68],"_links":{"self":[{"href":"https:\/\/realnews-beilngries.de\/index.php?rest_route=\/wp\/v2\/posts\/1304"}],"collection":[{"href":"https:\/\/realnews-beilngries.de\/index.php?rest_route=\/wp\/v2\/posts"}],"about":[{"href":"https:\/\/realnews-beilngries.de\/index.php?rest_route=\/wp\/v2\/types\/post"}],"author":[{"embeddable":true,"href":"https:\/\/realnews-beilngries.de\/index.php?rest_route=\/wp\/v2\/users\/19"}],"replies":[{"embeddable":true,"href":"https:\/\/realnews-beilngries.de\/index.php?rest_route=%2Fwp%2Fv2%2Fcomments&post=1304"}],"version-history":[{"count":1,"href":"https:\/\/realnews-beilngries.de\/index.php?rest_route=\/wp\/v2\/posts\/1304\/revisions"}],"predecessor-version":[{"id":1305,"href":"https:\/\/realnews-beilngries.de\/index.php?rest_route=\/wp\/v2\/posts\/1304\/revisions\/1305"}],"wp:featuredmedia":[{"embeddable":true,"href":"https:\/\/realnews-beilngries.de\/index.php?rest_route=\/wp\/v2\/media\/1302"}],"wp:attachment":[{"href":"https:\/\/realnews-beilngries.de\/index.php?rest_route=%2Fwp%2Fv2%2Fmedia&parent=1304"}],"wp:term":[{"taxonomy":"category","embeddable":true,"href":"https:\/\/realnews-beilngries.de\/index.php?rest_route=%2Fwp%2Fv2%2Fcategories&post=1304"},{"taxonomy":"post_tag","embeddable":true,"href":"https:\/\/realnews-beilngries.de\/index.php?rest_route=%2Fwp%2Fv2%2Ftags&post=1304"}],"curies":[{"name":"wp","href":"https:\/\/api.w.org\/{rel}","templated":true}]}}