{"id":6384,"date":"2026-03-09T14:36:00","date_gmt":"2026-03-09T13:36:00","guid":{"rendered":"https:\/\/realnews-beilngries.de\/?p=6384"},"modified":"2026-03-09T22:29:03","modified_gmt":"2026-03-09T21:29:03","slug":"bunter-abend-vormittag-teil-i-big-band-klassen-und-schulchor","status":"publish","type":"post","link":"http:\/\/realnews-beilngries.de\/?p=6384","title":{"rendered":"Bunter Abend\/Vormittag, Teil I: Big-Band-Klassen und Schulchor"},"content":{"rendered":"\n<p><strong><em>Er war wieder einmal ein Feuerwerk an musikalischen, akrobatischen und emotionalen Highlights: der Bunte Abend bzw. Vormittag 2026! Eine Auswahl aus den besten Musikst\u00fccken der verschiedenen Gruppen sowie den Darbietungen des Akrobatik-Ensembles findet ihr ab sofort auf dem Schulblog. Den Anfang machen die beiden Big-Band-Klassen&#8230; <\/em><\/strong><em>(Ein Beitrag von Ben.)<\/em><\/p>\n\n\n\n<p>Bevor das Programm startete, begr\u00fc\u00dften unsere beiden Sch\u00fclersprecher Ziza und Mathis sowie Schulleiter Herr M\u00f6dl das zahlreich erschienene Publikum und bedankten sich beim Elternbeirat f\u00fcr die kulinarische Bewirtung der G\u00e4ste. <\/p>\n\n\n<div class=\"wp-block-image\">\n<figure class=\"aligncenter size-large is-resized\"><img decoding=\"async\" loading=\"lazy\" src=\"http:\/\/realnews-beilngries.de\/wp-content\/uploads\/2026\/03\/IMG_20260305_173629-1024x768.jpg\" alt=\"\" class=\"wp-image-6386\" width=\"-139\" height=\"-104\" srcset=\"http:\/\/realnews-beilngries.de\/wp-content\/uploads\/2026\/03\/IMG_20260305_173629-1024x768.jpg 1024w, http:\/\/realnews-beilngries.de\/wp-content\/uploads\/2026\/03\/IMG_20260305_173629-300x225.jpg 300w, http:\/\/realnews-beilngries.de\/wp-content\/uploads\/2026\/03\/IMG_20260305_173629-768x576.jpg 768w, http:\/\/realnews-beilngries.de\/wp-content\/uploads\/2026\/03\/IMG_20260305_173629-1536x1152.jpg 1536w, http:\/\/realnews-beilngries.de\/wp-content\/uploads\/2026\/03\/IMG_20260305_173629-2048x1536.jpg 2048w\" sizes=\"(max-width: 1024px) 100vw, 1024px\" \/><\/figure><\/div>\n\n\n<p>Danach zeigte die Big-Band-Klasse 5C unter der Leitung von Herrn Staudigl, was sie in nur einem halben Schuljahr gelernt hat. Die jungen Musikerinnen und Musiker f\u00fchrten drei St\u00fccke hintereinander auf, darunter &#8222;Die Unzertrennlichen&#8220; von Jens Holzinger:<\/p>\n\n\n\n<figure class=\"wp-block-embed aligncenter is-type-video is-provider-youtube wp-block-embed-youtube wp-embed-aspect-16-9 wp-has-aspect-ratio\"><div class=\"wp-block-embed__wrapper\">\n<iframe loading=\"lazy\" title=\"Die Unzertrennlichen Jens Holzinger\" width=\"780\" height=\"439\" src=\"https:\/\/www.youtube.com\/embed\/Ettf4uUcWvo?feature=oembed\" frameborder=\"0\" allow=\"accelerometer; autoplay; clipboard-write; encrypted-media; gyroscope; picture-in-picture; web-share\" referrerpolicy=\"strict-origin-when-cross-origin\" allowfullscreen><\/iframe>\n<\/div><\/figure>\n\n\n\n<p>Der Schulchor von Frau Diepold, dem inzwischen fast mehr S\u00e4ngerinnen und S\u00e4nger angeh\u00f6ren als Zuh\u00f6rer im Publikum sa\u00dfen, brachte dann den Song &#8222;So viel sch\u00f6ner&#8220; von Sophia zu Auff\u00fchrung:<\/p>\n\n\n\n<figure class=\"wp-block-embed aligncenter is-type-video is-provider-youtube wp-block-embed-youtube wp-embed-aspect-16-9 wp-has-aspect-ratio\"><div class=\"wp-block-embed__wrapper\">\n<iframe loading=\"lazy\" title=\"So viel sch\u00f6ner Sophia\" width=\"780\" height=\"439\" src=\"https:\/\/www.youtube.com\/embed\/88y0W8C53AI?feature=oembed\" frameborder=\"0\" allow=\"accelerometer; autoplay; clipboard-write; encrypted-media; gyroscope; picture-in-picture; web-share\" referrerpolicy=\"strict-origin-when-cross-origin\" allowfullscreen><\/iframe>\n<\/div><\/figure>\n\n\n\n<p>Anschlie\u00dfend performte die 6C, ebenfalls unter der Leitung von Frau Diepold, vier verschiedene Beitr\u00e4ge, darunter auch &#8222;Mambo Jambo&#8220; (Jens Holzinger):<\/p>\n\n\n\n<figure class=\"wp-block-embed aligncenter is-type-video is-provider-youtube wp-block-embed-youtube wp-embed-aspect-16-9 wp-has-aspect-ratio\"><div class=\"wp-block-embed__wrapper\">\n<iframe loading=\"lazy\" title=\"Mambo Jambo Jens Holzinger\" width=\"780\" height=\"439\" src=\"https:\/\/www.youtube.com\/embed\/keKlCAqYXqU?feature=oembed\" frameborder=\"0\" allow=\"accelerometer; autoplay; clipboard-write; encrypted-media; gyroscope; picture-in-picture; web-share\" referrerpolicy=\"strict-origin-when-cross-origin\" allowfullscreen><\/iframe>\n<\/div><\/figure>\n\n\n\n<p>Die weiteren Beitr\u00e4ge des Bunten Abends\/Vormittags k\u00f6nnt ihr in den n\u00e4chsten Posts finden&#8230;<\/p>\n","protected":false},"excerpt":{"rendered":"<p>Er war wieder einmal ein Feuerwerk an musikalischen, akrobatischen und emotionalen Highlights: der Bunte Abend bzw. Vormittag 2026! Eine Auswahl aus den besten Musikst\u00fccken der<\/p>\n","protected":false},"author":19,"featured_media":6382,"comment_status":"open","ping_status":"open","sticky":false,"template":"","format":"standard","meta":[],"categories":[8,2],"tags":[173],"_links":{"self":[{"href":"http:\/\/realnews-beilngries.de\/index.php?rest_route=\/wp\/v2\/posts\/6384"}],"collection":[{"href":"http:\/\/realnews-beilngries.de\/index.php?rest_route=\/wp\/v2\/posts"}],"about":[{"href":"http:\/\/realnews-beilngries.de\/index.php?rest_route=\/wp\/v2\/types\/post"}],"author":[{"embeddable":true,"href":"http:\/\/realnews-beilngries.de\/index.php?rest_route=\/wp\/v2\/users\/19"}],"replies":[{"embeddable":true,"href":"http:\/\/realnews-beilngries.de\/index.php?rest_route=%2Fwp%2Fv2%2Fcomments&post=6384"}],"version-history":[{"count":3,"href":"http:\/\/realnews-beilngries.de\/index.php?rest_route=\/wp\/v2\/posts\/6384\/revisions"}],"predecessor-version":[{"id":6389,"href":"http:\/\/realnews-beilngries.de\/index.php?rest_route=\/wp\/v2\/posts\/6384\/revisions\/6389"}],"wp:featuredmedia":[{"embeddable":true,"href":"http:\/\/realnews-beilngries.de\/index.php?rest_route=\/wp\/v2\/media\/6382"}],"wp:attachment":[{"href":"http:\/\/realnews-beilngries.de\/index.php?rest_route=%2Fwp%2Fv2%2Fmedia&parent=6384"}],"wp:term":[{"taxonomy":"category","embeddable":true,"href":"http:\/\/realnews-beilngries.de\/index.php?rest_route=%2Fwp%2Fv2%2Fcategories&post=6384"},{"taxonomy":"post_tag","embeddable":true,"href":"http:\/\/realnews-beilngries.de\/index.php?rest_route=%2Fwp%2Fv2%2Ftags&post=6384"}],"curies":[{"name":"wp","href":"https:\/\/api.w.org\/{rel}","templated":true}]}}