{"id":6048,"date":"2025-12-01T14:07:23","date_gmt":"2025-12-01T13:07:23","guid":{"rendered":"https:\/\/realnews-beilngries.de\/?p=6048"},"modified":"2025-12-01T15:05:22","modified_gmt":"2025-12-01T14:05:22","slug":"schwein-gehabt","status":"publish","type":"post","link":"http:\/\/realnews-beilngries.de\/?p=6048","title":{"rendered":"Schwein gehabt!?"},"content":{"rendered":"\n<p><strong><em>\u201eDer hat aber Schwein gehabt\u201c \u2013 diese Redewendung dr\u00fcckt aus, dass jemand Gl\u00fcck hatte. Wie viel Gl\u00fcck aber haben Schweine heute bzw. wie sieht artgerechte Tierhaltung am Beispiel von Schweinen aus? Mit dieser Frage besch\u00e4ftigte sich die Klasse 5A im Rahmen des Biologieunterrichts<\/em><\/strong><em>. (Ein Beitrag von Frau Seefried.)<\/em><\/p>\n\n\n\n<p>Zun\u00e4chst begannen wir mit einer kurzen Geschichte, nahmen die darin enthaltenen Schweinesprichw\u00f6rter genauer unter die Lupe und kl\u00e4rten deren Bedeutung bzw. Herkunft. Anschlie\u00dfend besch\u00e4ftigten wir uns mit den wild lebenden Verwandten, den Wildschweinen. Da deren Verhaltensweisen denen der heutigen Hausschweine stark \u00e4hneln, konnten die Kinder in Form einer Gruppenarbeit bestimmte Verhaltensweisen wie beispielsweise das Spiel- oder Aggressionsverhalten von Schweinen zeichnerisch darstellen. Nach der Pr\u00e4sentation der einzelnen Verhaltensweisen und den dazugeh\u00f6rigen Bildern, folgte der n\u00e4chste Schritt: Die Sch\u00fcler- und Sch\u00fclerinnen waren nun fit genug, um Schweinstall-\u201eArchitekten\u201c zu werden. Sie sollten aus den Eigenschaften und Bed\u00fcrfnissen von Schweinen schlussfolgern, wie ein idealer Stall aussehen m\u00fcsste und diesen dementsprechend mit eigens mitgebrachten Materialien konstruieren und bauen. <\/p>\n\n\n\n<figure class=\"wp-block-embed is-type-video is-provider-youtube wp-block-embed-youtube wp-embed-aspect-16-9 wp-has-aspect-ratio\"><div class=\"wp-block-embed__wrapper\">\n<iframe loading=\"lazy\" title=\"Gruppe 1\" width=\"780\" height=\"439\" src=\"https:\/\/www.youtube.com\/embed\/Vr0vt_eDnCo?feature=oembed\" frameborder=\"0\" allow=\"accelerometer; autoplay; clipboard-write; encrypted-media; gyroscope; picture-in-picture; web-share\" referrerpolicy=\"strict-origin-when-cross-origin\" allowfullscreen><\/iframe>\n<\/div><\/figure>\n\n\n\n<p>Mit gro\u00dfem Eifer, vielen kreativen Ideen und mit der Liebe zum Detail bauten die Kinder tolle St\u00e4lle, in denen sich die Schweine mit Sicherheit \u201esauwohl\u201c f\u00fchlen w\u00fcrden. Warum nicht alle Schweine unter diesen \u201eidealen\u201c Bedingungen leben, haben wir anschlie\u00dfend anhand verschiedener Faktoren wie Kosten f\u00fcr Landwirte und Verbraucher sowie Menge an verzehrtem Schweinefleisch diskutiert und Konsequenzen f\u00fcr das eigene Verhalten abgeleitet.<\/p>\n\n\n\n<figure class=\"wp-block-embed is-type-video is-provider-youtube wp-block-embed-youtube wp-embed-aspect-16-9 wp-has-aspect-ratio\"><div class=\"wp-block-embed__wrapper\">\n<iframe loading=\"lazy\" title=\"Gruppe 7\" width=\"780\" height=\"439\" src=\"https:\/\/www.youtube.com\/embed\/ia4HYnjKu40?feature=oembed\" frameborder=\"0\" allow=\"accelerometer; autoplay; clipboard-write; encrypted-media; gyroscope; picture-in-picture; web-share\" referrerpolicy=\"strict-origin-when-cross-origin\" allowfullscreen><\/iframe>\n<\/div><\/figure>\n\n\n\n<p>Vielen Dank an die Sch\u00fclerinnen und Sch\u00fcler f\u00fcr die tollen Videos &#8211; wir konnten leider nur zwei davon ausw\u00e4hlen.<\/p>\n","protected":false},"excerpt":{"rendered":"<p>\u201eDer hat aber Schwein gehabt\u201c \u2013 diese Redewendung dr\u00fcckt aus, dass jemand Gl\u00fcck hatte. Wie viel Gl\u00fcck aber haben Schweine heute bzw. wie sieht artgerechte<\/p>\n","protected":false},"author":19,"featured_media":6049,"comment_status":"open","ping_status":"open","sticky":false,"template":"","format":"standard","meta":[],"categories":[8,5],"tags":[327],"_links":{"self":[{"href":"http:\/\/realnews-beilngries.de\/index.php?rest_route=\/wp\/v2\/posts\/6048"}],"collection":[{"href":"http:\/\/realnews-beilngries.de\/index.php?rest_route=\/wp\/v2\/posts"}],"about":[{"href":"http:\/\/realnews-beilngries.de\/index.php?rest_route=\/wp\/v2\/types\/post"}],"author":[{"embeddable":true,"href":"http:\/\/realnews-beilngries.de\/index.php?rest_route=\/wp\/v2\/users\/19"}],"replies":[{"embeddable":true,"href":"http:\/\/realnews-beilngries.de\/index.php?rest_route=%2Fwp%2Fv2%2Fcomments&post=6048"}],"version-history":[{"count":2,"href":"http:\/\/realnews-beilngries.de\/index.php?rest_route=\/wp\/v2\/posts\/6048\/revisions"}],"predecessor-version":[{"id":6051,"href":"http:\/\/realnews-beilngries.de\/index.php?rest_route=\/wp\/v2\/posts\/6048\/revisions\/6051"}],"wp:featuredmedia":[{"embeddable":true,"href":"http:\/\/realnews-beilngries.de\/index.php?rest_route=\/wp\/v2\/media\/6049"}],"wp:attachment":[{"href":"http:\/\/realnews-beilngries.de\/index.php?rest_route=%2Fwp%2Fv2%2Fmedia&parent=6048"}],"wp:term":[{"taxonomy":"category","embeddable":true,"href":"http:\/\/realnews-beilngries.de\/index.php?rest_route=%2Fwp%2Fv2%2Fcategories&post=6048"},{"taxonomy":"post_tag","embeddable":true,"href":"http:\/\/realnews-beilngries.de\/index.php?rest_route=%2Fwp%2Fv2%2Ftags&post=6048"}],"curies":[{"name":"wp","href":"https:\/\/api.w.org\/{rel}","templated":true}]}}