{"id":6003,"date":"2025-11-25T16:26:00","date_gmt":"2025-11-25T15:26:00","guid":{"rendered":"https:\/\/realnews-beilngries.de\/?p=6003"},"modified":"2025-11-25T16:26:00","modified_gmt":"2025-11-25T15:26:00","slug":"winterunterkuenfte-fuer-igel-und-voegel","status":"publish","type":"post","link":"http:\/\/realnews-beilngries.de\/?p=6003","title":{"rendered":"Winterunterk\u00fcnfte f\u00fcr Igel und V\u00f6gel"},"content":{"rendered":"\n<p><em><strong>Der ehemalige F\u00f6rster Georg D\u00fctsch, der fr\u00fcher den &#8222;Tag des Baumes&#8220; aktiv mitgestaltet hat, ist unserer Schule immer noch sehr verbunden und stattete deshalb den Klassen 5B und 5D einen Besuch ab. Diese konnten das Know-how des Experten nutzen und zusammen mit ihm R\u00fcckzugsorte f\u00fcr Tiere speziell f\u00fcr die nun beginnende kalte Jahreszeit schaffen.<\/strong> (Ein Beitrag von Frau Knon.)<\/em><\/p>\n\n\n\n<p>Am Anfang der Stunde erkl\u00e4rte Herr D\u00fctsch, warum es wichtig ist, Igeln beim \u00dcberwintern zu helfen. Da diese immer weniger geeignete Unterschlupfm\u00f6glichkeiten finden, \u00fcberleben einige Igel den Winterschlaf nicht.<\/p>\n\n\n<div class=\"wp-block-image\">\n<figure class=\"aligncenter size-full\"><img decoding=\"async\" loading=\"lazy\" width=\"1003\" height=\"752\" src=\"http:\/\/realnews-beilngries.de\/wp-content\/uploads\/2025\/11\/Wohnungen-1.jpg\" alt=\"\" class=\"wp-image-6005\" srcset=\"http:\/\/realnews-beilngries.de\/wp-content\/uploads\/2025\/11\/Wohnungen-1.jpg 1003w, http:\/\/realnews-beilngries.de\/wp-content\/uploads\/2025\/11\/Wohnungen-1-300x225.jpg 300w, http:\/\/realnews-beilngries.de\/wp-content\/uploads\/2025\/11\/Wohnungen-1-768x576.jpg 768w\" sizes=\"(max-width: 1003px) 100vw, 1003px\" \/><\/figure><\/div>\n\n\n<p>Dann ging es an die praktische Umsetzung. F\u00fcr die Behausung hatte Herr D\u00fctsch unbehandelte und bereits zugeschnittene Bretter mitgebracht. Die Aufgabe der Kinder war es, das H\u00e4uschen richtig zusammenzubauen, dann mit dem Bohrer L\u00f6cher vorzubohren und anschlie\u00dfend die Schrauben mit dem Akkuschrauber zu befestigen. Besonders wichtig dabei ist, dass es im Inneren eine Abschluss\u00f6ffnung gibt, sodass Katzen oder Marder drau\u00dfen bleiben.<\/p>\n\n\n<div class=\"wp-block-image\">\n<figure class=\"aligncenter size-full\"><img decoding=\"async\" loading=\"lazy\" width=\"1024\" height=\"768\" src=\"http:\/\/realnews-beilngries.de\/wp-content\/uploads\/2025\/11\/Wohnungen-2.jpg\" alt=\"\" class=\"wp-image-6006\" srcset=\"http:\/\/realnews-beilngries.de\/wp-content\/uploads\/2025\/11\/Wohnungen-2.jpg 1024w, http:\/\/realnews-beilngries.de\/wp-content\/uploads\/2025\/11\/Wohnungen-2-300x225.jpg 300w, http:\/\/realnews-beilngries.de\/wp-content\/uploads\/2025\/11\/Wohnungen-2-768x576.jpg 768w\" sizes=\"(max-width: 1024px) 100vw, 1024px\" \/><\/figure><\/div>\n\n\n<p>Parallel dazu besch\u00e4ftigte sich der andere Teil der Sch\u00fclerinnen und Sch\u00fcler mit Nisth\u00f6hlen. Auch V\u00f6gel haben immer weniger M\u00f6glichkeiten, an einem sicheren Ort zu nisten. Deshalb wurden vor allem f\u00fcr Rotkehlchen, Hausrotschwanz und auch Bachstelzen Bruth\u00f6hlen gebaut, die von den Kindern<strong> <\/strong>ebenfalls zusammengesetzt und festgeschraubt wurden.<\/p>\n\n\n<div class=\"wp-block-image\">\n<figure class=\"aligncenter size-full\"><img decoding=\"async\" loading=\"lazy\" width=\"1024\" height=\"768\" src=\"http:\/\/realnews-beilngries.de\/wp-content\/uploads\/2025\/11\/Wohnungen-3.jpg\" alt=\"\" class=\"wp-image-6007\" srcset=\"http:\/\/realnews-beilngries.de\/wp-content\/uploads\/2025\/11\/Wohnungen-3.jpg 1024w, http:\/\/realnews-beilngries.de\/wp-content\/uploads\/2025\/11\/Wohnungen-3-300x225.jpg 300w, http:\/\/realnews-beilngries.de\/wp-content\/uploads\/2025\/11\/Wohnungen-3-768x576.jpg 768w\" sizes=\"(max-width: 1024px) 100vw, 1024px\" \/><\/figure><\/div>\n\n\n<p>Nachdem jeweils vier Igelbehausungen und Bruth\u00f6hlen fertig waren, \u00fcberlegte man gemeinsam, welche Standorte auf dem Schulgel\u00e4nde geeignet w\u00e4ren. F\u00fcr die Nisth\u00f6hlen war schnell der passende Ort gefunden: am Ger\u00e4teschuppen im Schulgarten, wo bereits ein Nistkasten h\u00e4ngt. F\u00fcr die Igelh\u00e4uschen war die L\u00f6sung nicht ganz so einfach, da das ganze Schulgel\u00e4nde von einem Zaun umgeben ist und somit kein Igel nach innen gelangen kann. Nach reiflicher \u00dcberlegung kam man auf den kleinen Bereich vor dem Lehrerzimmer (Richtung B\u00fchlerhalle), der mit einer Hainbuchenhecke umgeben ist. Nach dem Aufstellen wurde das Innere der Behausung noch mit trockenem Stroh und Laub gef\u00fcllt und das Dach mit einer Metallplatte vor N\u00e4sse gesch\u00fctzt.<\/p>\n\n\n\n<p class=\"has-text-align-left\">Hier k\u00f6nnen es sich die Igel jetzt richtig gem\u00fctlich machen.<\/p>\n\n\n<div class=\"wp-block-image\">\n<figure class=\"aligncenter size-full\"><img decoding=\"async\" loading=\"lazy\" width=\"1024\" height=\"768\" src=\"http:\/\/realnews-beilngries.de\/wp-content\/uploads\/2025\/11\/Wohnungen-5.jpg\" alt=\"\" class=\"wp-image-6008\" srcset=\"http:\/\/realnews-beilngries.de\/wp-content\/uploads\/2025\/11\/Wohnungen-5.jpg 1024w, http:\/\/realnews-beilngries.de\/wp-content\/uploads\/2025\/11\/Wohnungen-5-300x225.jpg 300w, http:\/\/realnews-beilngries.de\/wp-content\/uploads\/2025\/11\/Wohnungen-5-768x576.jpg 768w\" sizes=\"(max-width: 1024px) 100vw, 1024px\" \/><\/figure><\/div>\n\n\n<p>Am Ende des Projekts waren sich alle einig: Nicht nur die Igel haben einen sicheren Ort zum \u00dcberwintern und V\u00f6gel einen ebenso sicheren Platz zum Nisten bekommen. Auch f\u00fcr die Kinder war dieses praktische Arbeiten eine willkommene Abwechslung zum sonst oft theoretischen Unterricht. So konnten sie ihr handwerkliches Geschick unter Beweis stellen. Aber auch f\u00fcr den ehemaligen F\u00f6rster Georg D\u00fctsch war es wieder einmal interessant und unterhaltsam, mit Sch\u00fclern und Sch\u00fclerinnen zu arbeiten. Im Namen der ganzen Schulfamilie m\u00f6chten wir uns nochmals herzlich bei ihm f\u00fcr seine Unterst\u00fctzung bedanken! Vielleicht sehen wir uns ganz bald wieder\u2026<\/p>\n","protected":false},"excerpt":{"rendered":"<p>Der ehemalige F\u00f6rster Georg D\u00fctsch, der fr\u00fcher den &#8222;Tag des Baumes&#8220; aktiv mitgestaltet hat, ist unserer Schule immer noch sehr verbunden und stattete deshalb den<\/p>\n","protected":false},"author":19,"featured_media":6009,"comment_status":"open","ping_status":"open","sticky":false,"template":"","format":"standard","meta":[],"categories":[5],"tags":[325],"_links":{"self":[{"href":"http:\/\/realnews-beilngries.de\/index.php?rest_route=\/wp\/v2\/posts\/6003"}],"collection":[{"href":"http:\/\/realnews-beilngries.de\/index.php?rest_route=\/wp\/v2\/posts"}],"about":[{"href":"http:\/\/realnews-beilngries.de\/index.php?rest_route=\/wp\/v2\/types\/post"}],"author":[{"embeddable":true,"href":"http:\/\/realnews-beilngries.de\/index.php?rest_route=\/wp\/v2\/users\/19"}],"replies":[{"embeddable":true,"href":"http:\/\/realnews-beilngries.de\/index.php?rest_route=%2Fwp%2Fv2%2Fcomments&post=6003"}],"version-history":[{"count":9,"href":"http:\/\/realnews-beilngries.de\/index.php?rest_route=\/wp\/v2\/posts\/6003\/revisions"}],"predecessor-version":[{"id":6041,"href":"http:\/\/realnews-beilngries.de\/index.php?rest_route=\/wp\/v2\/posts\/6003\/revisions\/6041"}],"wp:featuredmedia":[{"embeddable":true,"href":"http:\/\/realnews-beilngries.de\/index.php?rest_route=\/wp\/v2\/media\/6009"}],"wp:attachment":[{"href":"http:\/\/realnews-beilngries.de\/index.php?rest_route=%2Fwp%2Fv2%2Fmedia&parent=6003"}],"wp:term":[{"taxonomy":"category","embeddable":true,"href":"http:\/\/realnews-beilngries.de\/index.php?rest_route=%2Fwp%2Fv2%2Fcategories&post=6003"},{"taxonomy":"post_tag","embeddable":true,"href":"http:\/\/realnews-beilngries.de\/index.php?rest_route=%2Fwp%2Fv2%2Ftags&post=6003"}],"curies":[{"name":"wp","href":"https:\/\/api.w.org\/{rel}","templated":true}]}}