{"id":5961,"date":"2025-11-10T14:00:11","date_gmt":"2025-11-10T13:00:11","guid":{"rendered":"https:\/\/realnews-beilngries.de\/?p=5961"},"modified":"2025-11-10T14:00:11","modified_gmt":"2025-11-10T13:00:11","slug":"berufsausbildungsmesse-in-der-buehlerhalle","status":"publish","type":"post","link":"http:\/\/realnews-beilngries.de\/?p=5961","title":{"rendered":"Berufsausbildungsmesse in der B\u00fchlerhalle"},"content":{"rendered":"\n<p><em><strong>Am letzten Schultag vor den Herbstferien fand f\u00fcr die Sch\u00fclerinnen und Sch\u00fcler aus den 8. bis 10. Klassen die Berufsausbildungsmesse in der B\u00fchlerhalle statt. Es nahmen insgesamt \u00fcber 60 Aussteller teil &#8211; von der Bundeswehr \u00fcber regionale Firmen bis hin zu sozialen Einrichtungen waren sehr viele Berufszweige vertreten.<\/strong><\/em> <em>(Ein Beitrag von Emilia (10C), Herrn Kirsch und der Schulblog-Redaktion.)<\/em><\/p>\n\n\n<div class=\"wp-block-image\">\n<figure class=\"aligncenter size-large\"><img decoding=\"async\" loading=\"lazy\" width=\"1024\" height=\"768\" src=\"https:\/\/realnews-beilngries.de\/wp-content\/uploads\/2025\/11\/BM2-1024x768.jpg\" alt=\"\" class=\"wp-image-5963\" srcset=\"http:\/\/realnews-beilngries.de\/wp-content\/uploads\/2025\/11\/BM2-1024x768.jpg 1024w, http:\/\/realnews-beilngries.de\/wp-content\/uploads\/2025\/11\/BM2-300x225.jpg 300w, http:\/\/realnews-beilngries.de\/wp-content\/uploads\/2025\/11\/BM2-768x576.jpg 768w, http:\/\/realnews-beilngries.de\/wp-content\/uploads\/2025\/11\/BM2-1536x1152.jpg 1536w, http:\/\/realnews-beilngries.de\/wp-content\/uploads\/2025\/11\/BM2-2048x1536.jpg 2048w\" sizes=\"(max-width: 1024px) 100vw, 1024px\" \/><\/figure><\/div>\n\n\n<p>Er\u00f6ffnet wurde die Veranstaltung durch den Ersten B\u00fcrgermeister der Stadt Beilngries, Helmut Schloderer, den Landrat des Landkreises Eichst\u00e4tt, Alexander Anetsberger, und durch die beiden Schulleiter der ausrichtenden Mittel- und Realschule, Frau Stockmann und Herrn M\u00f6dl. Zust\u00e4ndig f\u00fcr die Organisation waren Herr Bauernfeind von der Mittelschule und Herr Kirsch von der ARB. F\u00fcr die musikalische Umrahmung sorgte unsere BigBand-Klasse unter der Leitung von Frau Diepold.<\/p>\n\n\n\n<p>An den einzelnen St\u00e4nden der insgesamt 65 Unternehmen aus der Region konnten sich dann die Sch\u00fclerinnen und Sch\u00fcler ungef\u00e4hr 1,5 Stunden lang selbstst\u00e4ndig \u00fcber das jeweilige Unternehmen informieren. Wenn man durchschlenderte, wurde man auch h\u00e4ufig gezielt angesprochen. Es gab reichlich Werbegeschenke und auch etwas zu essen. Nach der Messe wusste nun der\/die eine oder andere vielleicht, in welche Richtung er\/sie beruflich mal gehen m\u00f6chte oder wohin auch nicht.<\/p>\n\n\n<div class=\"wp-block-image\">\n<figure class=\"aligncenter size-large\"><img decoding=\"async\" loading=\"lazy\" width=\"1024\" height=\"768\" src=\"http:\/\/realnews-beilngries.de\/wp-content\/uploads\/2025\/11\/BM2-1-1024x768.jpg\" alt=\"\" class=\"wp-image-5967\" srcset=\"http:\/\/realnews-beilngries.de\/wp-content\/uploads\/2025\/11\/BM2-1-1024x768.jpg 1024w, http:\/\/realnews-beilngries.de\/wp-content\/uploads\/2025\/11\/BM2-1-300x225.jpg 300w, http:\/\/realnews-beilngries.de\/wp-content\/uploads\/2025\/11\/BM2-1-768x576.jpg 768w, http:\/\/realnews-beilngries.de\/wp-content\/uploads\/2025\/11\/BM2-1-1536x1152.jpg 1536w, http:\/\/realnews-beilngries.de\/wp-content\/uploads\/2025\/11\/BM2-1.jpg 1600w\" sizes=\"(max-width: 1024px) 100vw, 1024px\" \/><\/figure><\/div>\n\n\n<p>Ein gro\u00dfer Dank geht auch an unsere beiden Hauswirtschaftslehrerinnen, Frau Edbauer und Frau Pfaller, sowie an die unterst\u00fctzenden Sch\u00fclerinnen der 7. Jahrgangsstufe und Frau Scheuerer, die f\u00fcr die Verpflegung der Aussteller sorgten.<\/p>\n\n\n\n<p class=\"has-text-align-center\"><strong>Dankesch\u00f6n an alle beteiligten Personen f\u00fcr die Organisation!<\/strong><\/p>\n","protected":false},"excerpt":{"rendered":"<p>Am letzten Schultag vor den Herbstferien fand f\u00fcr die Sch\u00fclerinnen und Sch\u00fcler aus den 8. bis 10. Klassen die Berufsausbildungsmesse in der B\u00fchlerhalle statt. Es<\/p>\n","protected":false},"author":19,"featured_media":5962,"comment_status":"open","ping_status":"open","sticky":false,"template":"","format":"standard","meta":[],"categories":[2],"tags":[267],"_links":{"self":[{"href":"http:\/\/realnews-beilngries.de\/index.php?rest_route=\/wp\/v2\/posts\/5961"}],"collection":[{"href":"http:\/\/realnews-beilngries.de\/index.php?rest_route=\/wp\/v2\/posts"}],"about":[{"href":"http:\/\/realnews-beilngries.de\/index.php?rest_route=\/wp\/v2\/types\/post"}],"author":[{"embeddable":true,"href":"http:\/\/realnews-beilngries.de\/index.php?rest_route=\/wp\/v2\/users\/19"}],"replies":[{"embeddable":true,"href":"http:\/\/realnews-beilngries.de\/index.php?rest_route=%2Fwp%2Fv2%2Fcomments&post=5961"}],"version-history":[{"count":3,"href":"http:\/\/realnews-beilngries.de\/index.php?rest_route=\/wp\/v2\/posts\/5961\/revisions"}],"predecessor-version":[{"id":5968,"href":"http:\/\/realnews-beilngries.de\/index.php?rest_route=\/wp\/v2\/posts\/5961\/revisions\/5968"}],"wp:featuredmedia":[{"embeddable":true,"href":"http:\/\/realnews-beilngries.de\/index.php?rest_route=\/wp\/v2\/media\/5962"}],"wp:attachment":[{"href":"http:\/\/realnews-beilngries.de\/index.php?rest_route=%2Fwp%2Fv2%2Fmedia&parent=5961"}],"wp:term":[{"taxonomy":"category","embeddable":true,"href":"http:\/\/realnews-beilngries.de\/index.php?rest_route=%2Fwp%2Fv2%2Fcategories&post=5961"},{"taxonomy":"post_tag","embeddable":true,"href":"http:\/\/realnews-beilngries.de\/index.php?rest_route=%2Fwp%2Fv2%2Ftags&post=5961"}],"curies":[{"name":"wp","href":"https:\/\/api.w.org\/{rel}","templated":true}]}}