{"id":5880,"date":"2025-10-10T11:58:38","date_gmt":"2025-10-10T09:58:38","guid":{"rendered":"https:\/\/realnews-beilngries.de\/?p=5880"},"modified":"2025-10-10T11:58:38","modified_gmt":"2025-10-10T09:58:38","slug":"unser-erster-obst-und-gemuesetag-an-der-neuen-schule","status":"publish","type":"post","link":"http:\/\/realnews-beilngries.de\/?p=5880","title":{"rendered":"Unser erster Obst- und Gem\u00fcsetag an der neuen Schule"},"content":{"rendered":"\n<p><em><strong>Am 1. Oktober 2025 fand an unserer Schule der Obst- und Gem\u00fcsetag f\u00fcr die 5. Klassen statt. In der 1. Pause konnten wir uns das gesunde Essen im Sch\u00fclercaf\u00e9 abholen.<\/strong> (Ein Beitrag von Anna Schwarzer, 5B.)<\/em><\/p>\n\n\n\n<p>Das Obst und das Gem\u00fcse waren sehr lecker. Es gab Wassermelonen, Radieschen, Kohlrabi, \u00c4pfel und noch mehr. Wir Sch\u00fcler haben uns sehr dar\u00fcber gefreut.<\/p>\n\n\n<div class=\"wp-block-image\">\n<figure class=\"aligncenter size-large\"><img decoding=\"async\" loading=\"lazy\" width=\"1024\" height=\"323\" src=\"https:\/\/realnews-beilngries.de\/wp-content\/uploads\/2025\/10\/OGT-1-1024x323.jpg\" alt=\"\" class=\"wp-image-5881\" srcset=\"http:\/\/realnews-beilngries.de\/wp-content\/uploads\/2025\/10\/OGT-1-1024x323.jpg 1024w, http:\/\/realnews-beilngries.de\/wp-content\/uploads\/2025\/10\/OGT-1-300x95.jpg 300w, http:\/\/realnews-beilngries.de\/wp-content\/uploads\/2025\/10\/OGT-1-768x242.jpg 768w, http:\/\/realnews-beilngries.de\/wp-content\/uploads\/2025\/10\/OGT-1.jpg 1215w\" sizes=\"(max-width: 1024px) 100vw, 1024px\" \/><\/figure><\/div>","protected":false},"excerpt":{"rendered":"<p>Am 1. Oktober 2025 fand an unserer Schule der Obst- und Gem\u00fcsetag f\u00fcr die 5. Klassen statt. In der 1. Pause konnten wir uns das<\/p>\n","protected":false},"author":19,"featured_media":5882,"comment_status":"open","ping_status":"open","sticky":false,"template":"","format":"standard","meta":[],"categories":[5],"tags":[137],"_links":{"self":[{"href":"http:\/\/realnews-beilngries.de\/index.php?rest_route=\/wp\/v2\/posts\/5880"}],"collection":[{"href":"http:\/\/realnews-beilngries.de\/index.php?rest_route=\/wp\/v2\/posts"}],"about":[{"href":"http:\/\/realnews-beilngries.de\/index.php?rest_route=\/wp\/v2\/types\/post"}],"author":[{"embeddable":true,"href":"http:\/\/realnews-beilngries.de\/index.php?rest_route=\/wp\/v2\/users\/19"}],"replies":[{"embeddable":true,"href":"http:\/\/realnews-beilngries.de\/index.php?rest_route=%2Fwp%2Fv2%2Fcomments&post=5880"}],"version-history":[{"count":1,"href":"http:\/\/realnews-beilngries.de\/index.php?rest_route=\/wp\/v2\/posts\/5880\/revisions"}],"predecessor-version":[{"id":5883,"href":"http:\/\/realnews-beilngries.de\/index.php?rest_route=\/wp\/v2\/posts\/5880\/revisions\/5883"}],"wp:featuredmedia":[{"embeddable":true,"href":"http:\/\/realnews-beilngries.de\/index.php?rest_route=\/wp\/v2\/media\/5882"}],"wp:attachment":[{"href":"http:\/\/realnews-beilngries.de\/index.php?rest_route=%2Fwp%2Fv2%2Fmedia&parent=5880"}],"wp:term":[{"taxonomy":"category","embeddable":true,"href":"http:\/\/realnews-beilngries.de\/index.php?rest_route=%2Fwp%2Fv2%2Fcategories&post=5880"},{"taxonomy":"post_tag","embeddable":true,"href":"http:\/\/realnews-beilngries.de\/index.php?rest_route=%2Fwp%2Fv2%2Ftags&post=5880"}],"curies":[{"name":"wp","href":"https:\/\/api.w.org\/{rel}","templated":true}]}}