{"id":5436,"date":"2025-04-03T21:14:21","date_gmt":"2025-04-03T19:14:21","guid":{"rendered":"https:\/\/realnews-beilngries.de\/?p=5436"},"modified":"2025-04-03T21:38:49","modified_gmt":"2025-04-03T19:38:49","slug":"brillante-kuenstler-begeistertes-publikum-bunter-abend","status":"publish","type":"post","link":"http:\/\/realnews-beilngries.de\/?p=5436","title":{"rendered":"Brillante K\u00fcnstler + Begeistertes Publikum = &#8222;Bunter Abend&#8220;!"},"content":{"rendered":"\n<p><em><strong>Er war nichts weniger als ein beeindruckender Streifzug durch all die zahlreichen musikalischen, akrobatischen und darstellerischen Talente unserer Sch\u00fclerinnen und Sch\u00fcler: Der &#8222;Bunte Abend&#8220; wurde auch heuer wieder zu einem riesengro\u00dfen Erfolg &#8211; was nicht zuletzt dem zahlreich erschienenen Publikum in der B\u00fchler-Halle zu verdanken war.<\/strong><\/em><\/p>\n\n\n\n<p>Das Team des ARB-Schulblog wird in der kommenden Woche etliche Eindr\u00fccke von diesem gro\u00dfartigen Abend posten &#8211; es waren einfach zu viele, um sie in einen einzigen Beitrag zu packen! Freut euch auf zahlreiche Schnappsch\u00fcsse aus dem bunten Programm &#8211; und auch auf einige Videoclips von den musikalischen Highlights!<\/p>\n\n\n<div class=\"wp-block-image\">\n<figure class=\"aligncenter size-large\"><img decoding=\"async\" loading=\"lazy\" width=\"1024\" height=\"768\" src=\"https:\/\/realnews-beilngries.de\/wp-content\/uploads\/2025\/04\/2-2-1024x768.jpg\" alt=\"\" class=\"wp-image-5438\" srcset=\"http:\/\/realnews-beilngries.de\/wp-content\/uploads\/2025\/04\/2-2-1024x768.jpg 1024w, http:\/\/realnews-beilngries.de\/wp-content\/uploads\/2025\/04\/2-2-300x225.jpg 300w, http:\/\/realnews-beilngries.de\/wp-content\/uploads\/2025\/04\/2-2-768x576.jpg 768w, http:\/\/realnews-beilngries.de\/wp-content\/uploads\/2025\/04\/2-2-1536x1152.jpg 1536w, http:\/\/realnews-beilngries.de\/wp-content\/uploads\/2025\/04\/2-2-2048x1536.jpg 2048w\" sizes=\"(max-width: 1024px) 100vw, 1024px\" \/><\/figure><\/div>\n\n\n<p>Beginnen wollen wir mit der Begr\u00fc\u00dfung durch unsere Sch\u00fclersprecher\/innen (siehe Beitragsfoto) und Schulleiter Stephan M\u00f6dl, der das Publikum herzlich willkommen hie\u00df und sich bei allen teilnehmenden Sch\u00fclerinnen und Sch\u00fclern, den organisierenden Lehrkr\u00e4ften wie auch beim Elternbeirat f\u00fcr ihr Engagement bedankte.<\/p>\n\n\n\n<p>Und weil wir grad beim Elternbeirat sind: Dieser versorgte unsere G\u00e4ste heuer am Stehimbiss mit Snacks und Getr\u00e4nken &#8211; sodass neben der Kultur auch das Kulinarische nicht zu kurz gekommen ist&#8230; \ud83d\ude09<\/p>\n\n\n<div class=\"wp-block-image\">\n<figure class=\"aligncenter size-large\"><img decoding=\"async\" loading=\"lazy\" width=\"1024\" height=\"588\" src=\"https:\/\/realnews-beilngries.de\/wp-content\/uploads\/2025\/04\/3-2-1024x588.jpg\" alt=\"\" class=\"wp-image-5439\" srcset=\"http:\/\/realnews-beilngries.de\/wp-content\/uploads\/2025\/04\/3-2-1024x588.jpg 1024w, http:\/\/realnews-beilngries.de\/wp-content\/uploads\/2025\/04\/3-2-300x172.jpg 300w, http:\/\/realnews-beilngries.de\/wp-content\/uploads\/2025\/04\/3-2-768x441.jpg 768w, http:\/\/realnews-beilngries.de\/wp-content\/uploads\/2025\/04\/3-2-1536x882.jpg 1536w, http:\/\/realnews-beilngries.de\/wp-content\/uploads\/2025\/04\/3-2-2048x1177.jpg 2048w\" sizes=\"(max-width: 1024px) 100vw, 1024px\" \/><\/figure><\/div>\n\n\n<p class=\"has-text-align-center\"><strong>N\u00e4chste Woche geht\u00b4s dann weiter mit den Posts vom Programm des &#8222;Bunten Abend&#8220; &#8211; ihr d\u00fcrft schon sehr gespannt sein!<\/strong><\/p>\n","protected":false},"excerpt":{"rendered":"<p>Er war nichts weniger als ein beeindruckender Streifzug durch all die zahlreichen musikalischen, akrobatischen und darstellerischen Talente unserer Sch\u00fclerinnen und Sch\u00fcler: Der &#8222;Bunte Abend&#8220; wurde<\/p>\n","protected":false},"author":19,"featured_media":5437,"comment_status":"open","ping_status":"open","sticky":false,"template":"","format":"standard","meta":[],"categories":[2],"tags":[173],"_links":{"self":[{"href":"http:\/\/realnews-beilngries.de\/index.php?rest_route=\/wp\/v2\/posts\/5436"}],"collection":[{"href":"http:\/\/realnews-beilngries.de\/index.php?rest_route=\/wp\/v2\/posts"}],"about":[{"href":"http:\/\/realnews-beilngries.de\/index.php?rest_route=\/wp\/v2\/types\/post"}],"author":[{"embeddable":true,"href":"http:\/\/realnews-beilngries.de\/index.php?rest_route=\/wp\/v2\/users\/19"}],"replies":[{"embeddable":true,"href":"http:\/\/realnews-beilngries.de\/index.php?rest_route=%2Fwp%2Fv2%2Fcomments&post=5436"}],"version-history":[{"count":3,"href":"http:\/\/realnews-beilngries.de\/index.php?rest_route=\/wp\/v2\/posts\/5436\/revisions"}],"predecessor-version":[{"id":5443,"href":"http:\/\/realnews-beilngries.de\/index.php?rest_route=\/wp\/v2\/posts\/5436\/revisions\/5443"}],"wp:featuredmedia":[{"embeddable":true,"href":"http:\/\/realnews-beilngries.de\/index.php?rest_route=\/wp\/v2\/media\/5437"}],"wp:attachment":[{"href":"http:\/\/realnews-beilngries.de\/index.php?rest_route=%2Fwp%2Fv2%2Fmedia&parent=5436"}],"wp:term":[{"taxonomy":"category","embeddable":true,"href":"http:\/\/realnews-beilngries.de\/index.php?rest_route=%2Fwp%2Fv2%2Fcategories&post=5436"},{"taxonomy":"post_tag","embeddable":true,"href":"http:\/\/realnews-beilngries.de\/index.php?rest_route=%2Fwp%2Fv2%2Ftags&post=5436"}],"curies":[{"name":"wp","href":"https:\/\/api.w.org\/{rel}","templated":true}]}}