{"id":5395,"date":"2025-03-29T07:02:42","date_gmt":"2025-03-29T06:02:42","guid":{"rendered":"https:\/\/realnews-beilngries.de\/?p=5395"},"modified":"2025-03-29T07:02:42","modified_gmt":"2025-03-29T06:02:42","slug":"wurzeln-schlagen-fuer-die-zukunft-gemeinsam-baeume-pflanzen","status":"publish","type":"post","link":"http:\/\/realnews-beilngries.de\/?p=5395","title":{"rendered":"Wurzeln schlagen f\u00fcr die Zukunft: <strong>Gemeinsam B\u00e4ume pflanzen!<\/strong>"},"content":{"rendered":"\n<p><em><strong>Baumpflanzaktion der Klasse 6d im Stadtwald Beilngries: Mitte M\u00e4rz machte sich die Klasse 6d auf den Weg in den Stadtwald Beilngries, um gemeinsam mit der F\u00f6rsterin Frau Jung eine Baumpflanzaktion durchzuf\u00fchren. Ziel war es, die Aufforstung des Waldes zu unterst\u00fctzen und einen kleinen Beitrag zum Klimaschutz zu leisten.<\/strong> (Ein Beitrag von Frau Knon.)<\/em><\/p>\n\n\n\n<p>Trotz schlechter Wettervorhersage gingen die Sch\u00fclerinnen und Sch\u00fcler am fr\u00fchen Morgen mit viel Enthusiasmus los. Der Weg zu dem Waldgebiet, wo die B\u00e4ume gepflanzt werden sollten, f\u00fchrte erst einmal steil hinauf zur Wodansburg. Die Kinder meisterten den Anstieg mit Leichtigkeit und wurden mit einer sch\u00f6nen Aussicht belohnt. Ausgestattet mit Schaufeln, Hacken und Handschuhen, wurden sie dann auf dem freien Waldgrundst\u00fcck von Frau Jung herzlich empfangen. Sie erkl\u00e4rte den Sch\u00fclerinnen und Sch\u00fclern die Bedeutung der B\u00e4ume f\u00fcr das \u00d6kosystem und die Rolle, die Winterlinden und Stieleichen in der heimischen Flora spielen.<\/p>\n\n\n<div class=\"wp-block-image\">\n<figure class=\"aligncenter size-full\"><img decoding=\"async\" loading=\"lazy\" width=\"833\" height=\"625\" src=\"https:\/\/realnews-beilngries.de\/wp-content\/uploads\/2025\/03\/Bild2.jpg\" alt=\"\" class=\"wp-image-5397\" srcset=\"http:\/\/realnews-beilngries.de\/wp-content\/uploads\/2025\/03\/Bild2.jpg 833w, http:\/\/realnews-beilngries.de\/wp-content\/uploads\/2025\/03\/Bild2-300x225.jpg 300w, http:\/\/realnews-beilngries.de\/wp-content\/uploads\/2025\/03\/Bild2-768x576.jpg 768w\" sizes=\"(max-width: 833px) 100vw, 833px\" \/><\/figure><\/div>\n\n\n<p>Insgesamt wurden etwa 100 B\u00e4ume gepflanzt. Die Kinder arbeiteten in kleinen Gruppen und gruben mit Hohlspaten L\u00f6cher, was sich bei dieser Bodenbeschaffenheit gar nicht so einfach bewerkstelligen lie\u00df. Unter einer d\u00fcnnen Erdschicht waren viele Steine, die erst einmal mit einer Hacke gelockert und dann mit den H\u00e4nden ausgegraben werden mussten. Anschlie\u00dfend konnten die Kinder die jungen B\u00e4ume einsetzen und zwar so, dass die Wurzeln des gerade ausgerichteten Setzlings mit Erde bedeckt waren. Jedes B\u00e4umchen wurde mit einem Markierungsstab versehen, damit man bei der Pflege des Areals auch bei hoch gewachsenem Gras die Linden und Eichen schnell wieder finden kann.<\/p>\n\n\n<div class=\"wp-block-image\">\n<figure class=\"aligncenter size-full\"><img decoding=\"async\" loading=\"lazy\" width=\"874\" height=\"655\" src=\"https:\/\/realnews-beilngries.de\/wp-content\/uploads\/2025\/03\/Bild3.jpg\" alt=\"\" class=\"wp-image-5398\" srcset=\"http:\/\/realnews-beilngries.de\/wp-content\/uploads\/2025\/03\/Bild3.jpg 874w, http:\/\/realnews-beilngries.de\/wp-content\/uploads\/2025\/03\/Bild3-300x225.jpg 300w, http:\/\/realnews-beilngries.de\/wp-content\/uploads\/2025\/03\/Bild3-768x576.jpg 768w\" sizes=\"(max-width: 874px) 100vw, 874px\" \/><\/figure><\/div>\n\n\n<p>Die F\u00f6rsterin Frau Jung war begeistert von dem Engagement der Klasse. Auch wenn manche B\u00e4ume erneut eingesetzt werden mussten, weil sie nicht tief und fest genug in der Erde waren, so lie\u00df der Eifer der Klasse in den zwei Stunden des Pflanzens nicht nach. \u201eEs ist wichtig, dass die Kinder sich nicht so leicht entmutigen lassen und fr\u00fchzeitig ein Bewusstsein f\u00fcr die Natur entwickeln\u201c, sagte sie.<\/p>\n\n\n\n<p>Ein besonderes Highlight wird sein, dass die Sch\u00fclerinnen und Sch\u00fcler am Ende des Schuljahrs die B\u00e4umchen erneut besuchen werden. Sie wollen \u00fcberpr\u00fcfen, ob die jungen Pflanzen gut angewachsen sind und sie gegebenenfalls vom Unkraut befreien. Diese R\u00fcckkehr in den Stadtwald wird eine gute Gelegenheit sein, die Entwicklung der \u201eeigenen\u201c B\u00e4ume zu beobachten.<\/p>\n\n\n<div class=\"wp-block-image\">\n<figure class=\"aligncenter size-full\"><img decoding=\"async\" loading=\"lazy\" width=\"857\" height=\"643\" src=\"https:\/\/realnews-beilngries.de\/wp-content\/uploads\/2025\/03\/Bild4.jpg\" alt=\"\" class=\"wp-image-5399\" srcset=\"http:\/\/realnews-beilngries.de\/wp-content\/uploads\/2025\/03\/Bild4.jpg 857w, http:\/\/realnews-beilngries.de\/wp-content\/uploads\/2025\/03\/Bild4-300x225.jpg 300w, http:\/\/realnews-beilngries.de\/wp-content\/uploads\/2025\/03\/Bild4-768x576.jpg 768w\" sizes=\"(max-width: 857px) 100vw, 857px\" \/><\/figure><\/div>\n\n\n<p>Nach getaner Arbeit machte sich die 6d auf den R\u00fcckweg zur Schule \u2013 erledigt, aber trotzdem gl\u00fccklich, einen kleinen Beitrag f\u00fcr den vom Borkenk\u00e4fer und der Trockenheit gebeutelten Wald geleistet zu haben.<\/p>\n\n\n\n<p class=\"has-text-align-center\"><em><strong>\u00dcber die Baumpflanzaktion berichtete \u00fcbrigens auch der &#8222;Donaukurier&#8220; &#8211; mithilfe des Links unten kommt ihr au\u00dferdem zu einem Video, das an diesem Tag gedreht wurde:<\/strong><\/em><\/p>\n\n\n\n<p><a href=\"https:\/\/www.donaukurier.de\/lokales\/landkreis-eichstaett\/mit-video-beilngrieser-realschueler-pflanzen-rund-100-baeume-nahe-der-wodansburg-18284543\">https:\/\/www.donaukurier.de\/lokales\/landkreis-eichstaett\/mit-video-beilngrieser-realschueler-pflanzen-rund-100-baeume-nahe-der-wodansburg-18284543<\/a><\/p>\n","protected":false},"excerpt":{"rendered":"<p>Baumpflanzaktion der Klasse 6d im Stadtwald Beilngries: Mitte M\u00e4rz machte sich die Klasse 6d auf den Weg in den Stadtwald Beilngries, um gemeinsam mit der<\/p>\n","protected":false},"author":19,"featured_media":5400,"comment_status":"open","ping_status":"open","sticky":false,"template":"","format":"standard","meta":[],"categories":[6],"tags":[184],"_links":{"self":[{"href":"http:\/\/realnews-beilngries.de\/index.php?rest_route=\/wp\/v2\/posts\/5395"}],"collection":[{"href":"http:\/\/realnews-beilngries.de\/index.php?rest_route=\/wp\/v2\/posts"}],"about":[{"href":"http:\/\/realnews-beilngries.de\/index.php?rest_route=\/wp\/v2\/types\/post"}],"author":[{"embeddable":true,"href":"http:\/\/realnews-beilngries.de\/index.php?rest_route=\/wp\/v2\/users\/19"}],"replies":[{"embeddable":true,"href":"http:\/\/realnews-beilngries.de\/index.php?rest_route=%2Fwp%2Fv2%2Fcomments&post=5395"}],"version-history":[{"count":2,"href":"http:\/\/realnews-beilngries.de\/index.php?rest_route=\/wp\/v2\/posts\/5395\/revisions"}],"predecessor-version":[{"id":5401,"href":"http:\/\/realnews-beilngries.de\/index.php?rest_route=\/wp\/v2\/posts\/5395\/revisions\/5401"}],"wp:featuredmedia":[{"embeddable":true,"href":"http:\/\/realnews-beilngries.de\/index.php?rest_route=\/wp\/v2\/media\/5400"}],"wp:attachment":[{"href":"http:\/\/realnews-beilngries.de\/index.php?rest_route=%2Fwp%2Fv2%2Fmedia&parent=5395"}],"wp:term":[{"taxonomy":"category","embeddable":true,"href":"http:\/\/realnews-beilngries.de\/index.php?rest_route=%2Fwp%2Fv2%2Fcategories&post=5395"},{"taxonomy":"post_tag","embeddable":true,"href":"http:\/\/realnews-beilngries.de\/index.php?rest_route=%2Fwp%2Fv2%2Ftags&post=5395"}],"curies":[{"name":"wp","href":"https:\/\/api.w.org\/{rel}","templated":true}]}}