{"id":5369,"date":"2025-03-20T11:56:01","date_gmt":"2025-03-20T10:56:01","guid":{"rendered":"https:\/\/realnews-beilngries.de\/?p=5369"},"modified":"2025-03-20T11:56:01","modified_gmt":"2025-03-20T10:56:01","slug":"der-arb-kennenlernnachmittag-im-donaukurier","status":"publish","type":"post","link":"http:\/\/realnews-beilngries.de\/?p=5369","title":{"rendered":"Der ARB-Kennenlernnachmittag im &#8222;Donaukurier&#8220;!"},"content":{"rendered":"\n<p><em><strong>Am Freitag, dem 14. M\u00e4rz, fand wieder einmal der traditionelle Kennenlernnachmittag an der ARB statt. Die Pflicht- und Wahlf\u00e4cher unserer Schule pr\u00e4sentierten den G\u00e4sten ihr abwechslungsreiches Programm, w\u00e4hrend der Elternbeirat in der Aula zum gemeinsamen Gespr\u00e4ch bei Kaffee und Kuchen einlud&#8230;<\/strong><\/em><\/p>\n\n\n\n<p>\u00dcber die vielf\u00e4ltigen Aktionen, die in den Klassenzimmern durchgef\u00fchrt wurden und auf die zahlreiche Plakate im Schulhaus hinwiesen, berichteten auch die Presse-Profis im &#8222;Donaukurier&#8220; &#8211; ein Service, auf den wir als Blog-Redaktion an dieser Stelle gerne zur\u00fcckgreifen. \ud83d\ude09<\/p>\n\n\n\n<figure class=\"is-layout-flex wp-block-gallery-1 wp-block-gallery has-nested-images columns-default is-cropped\">\n<figure class=\"wp-block-image size-large\"><img decoding=\"async\" loading=\"lazy\" width=\"1024\" height=\"769\" data-id=\"5339\"  src=\"https:\/\/realnews-beilngries.de\/wp-content\/uploads\/2025\/03\/Geo-2-1024x769.jpg\" alt=\"\" class=\"wp-image-5339\" srcset=\"http:\/\/realnews-beilngries.de\/wp-content\/uploads\/2025\/03\/Geo-2-1024x769.jpg 1024w, http:\/\/realnews-beilngries.de\/wp-content\/uploads\/2025\/03\/Geo-2-300x225.jpg 300w, http:\/\/realnews-beilngries.de\/wp-content\/uploads\/2025\/03\/Geo-2-768x577.jpg 768w, http:\/\/realnews-beilngries.de\/wp-content\/uploads\/2025\/03\/Geo-2-1536x1153.jpg 1536w, http:\/\/realnews-beilngries.de\/wp-content\/uploads\/2025\/03\/Geo-2-2048x1538.jpg 2048w\" sizes=\"(max-width: 1024px) 100vw, 1024px\" \/><\/figure>\n\n\n\n<figure class=\"wp-block-image size-large\"><img decoding=\"async\" loading=\"lazy\" width=\"1024\" height=\"726\" data-id=\"5347\"  src=\"https:\/\/realnews-beilngries.de\/wp-content\/uploads\/2025\/03\/Chemie-Plakat-Gut-1024x726.jpg\" alt=\"\" class=\"wp-image-5347\" srcset=\"http:\/\/realnews-beilngries.de\/wp-content\/uploads\/2025\/03\/Chemie-Plakat-Gut-1024x726.jpg 1024w, http:\/\/realnews-beilngries.de\/wp-content\/uploads\/2025\/03\/Chemie-Plakat-Gut-300x213.jpg 300w, http:\/\/realnews-beilngries.de\/wp-content\/uploads\/2025\/03\/Chemie-Plakat-Gut-768x545.jpg 768w, http:\/\/realnews-beilngries.de\/wp-content\/uploads\/2025\/03\/Chemie-Plakat-Gut-1536x1089.jpg 1536w, http:\/\/realnews-beilngries.de\/wp-content\/uploads\/2025\/03\/Chemie-Plakat-Gut-2048x1453.jpg 2048w, http:\/\/realnews-beilngries.de\/wp-content\/uploads\/2025\/03\/Chemie-Plakat-Gut-90x65.jpg 90w\" sizes=\"(max-width: 1024px) 100vw, 1024px\" \/><\/figure>\n\n\n\n<figure class=\"wp-block-image size-large\"><img decoding=\"async\" loading=\"lazy\" width=\"1024\" height=\"769\" data-id=\"5336\"  src=\"https:\/\/realnews-beilngries.de\/wp-content\/uploads\/2025\/03\/Robotik-1024x769.jpg\" alt=\"\" class=\"wp-image-5336\" srcset=\"http:\/\/realnews-beilngries.de\/wp-content\/uploads\/2025\/03\/Robotik-1024x769.jpg 1024w, http:\/\/realnews-beilngries.de\/wp-content\/uploads\/2025\/03\/Robotik-300x225.jpg 300w, http:\/\/realnews-beilngries.de\/wp-content\/uploads\/2025\/03\/Robotik-768x577.jpg 768w, http:\/\/realnews-beilngries.de\/wp-content\/uploads\/2025\/03\/Robotik-1536x1153.jpg 1536w, http:\/\/realnews-beilngries.de\/wp-content\/uploads\/2025\/03\/Robotik-2048x1538.jpg 2048w\" sizes=\"(max-width: 1024px) 100vw, 1024px\" \/><\/figure>\n<\/figure>\n\n\n\n<p>Zum Zeitungs-Artikel kommt ihr \u00fcber den Link unten (vielen Dank daf\u00fcr an die Redaktion des &#8222;Donaukurier&#8220;):<\/p>\n\n\n\n<p>\u00a0<a rel=\"noreferrer noopener\" href=\"https:\/\/www.donaukurier.de\/lokales\/landkreis-eichstaett\/von-physik-zum-anfassen-bis-schulblog-kennenlern-nachmittag-an-der-altmuehltal-realschule-beilngries-18222785\" target=\"_blank\">Von \u201ePhysik zum Anfassen\u201c bis Schulblog: Kennenlern-Nachmittag an der Altm\u00fchltal-Realschule Beilngries<\/a><\/p>\n","protected":false},"excerpt":{"rendered":"<p>Am Freitag, dem 14. M\u00e4rz, fand wieder einmal der traditionelle Kennenlernnachmittag an der ARB statt. Die Pflicht- und Wahlf\u00e4cher unserer Schule pr\u00e4sentierten den G\u00e4sten ihr<\/p>\n","protected":false},"author":19,"featured_media":5371,"comment_status":"open","ping_status":"open","sticky":false,"template":"","format":"standard","meta":[],"categories":[2],"tags":[162],"_links":{"self":[{"href":"http:\/\/realnews-beilngries.de\/index.php?rest_route=\/wp\/v2\/posts\/5369"}],"collection":[{"href":"http:\/\/realnews-beilngries.de\/index.php?rest_route=\/wp\/v2\/posts"}],"about":[{"href":"http:\/\/realnews-beilngries.de\/index.php?rest_route=\/wp\/v2\/types\/post"}],"author":[{"embeddable":true,"href":"http:\/\/realnews-beilngries.de\/index.php?rest_route=\/wp\/v2\/users\/19"}],"replies":[{"embeddable":true,"href":"http:\/\/realnews-beilngries.de\/index.php?rest_route=%2Fwp%2Fv2%2Fcomments&post=5369"}],"version-history":[{"count":2,"href":"http:\/\/realnews-beilngries.de\/index.php?rest_route=\/wp\/v2\/posts\/5369\/revisions"}],"predecessor-version":[{"id":5372,"href":"http:\/\/realnews-beilngries.de\/index.php?rest_route=\/wp\/v2\/posts\/5369\/revisions\/5372"}],"wp:featuredmedia":[{"embeddable":true,"href":"http:\/\/realnews-beilngries.de\/index.php?rest_route=\/wp\/v2\/media\/5371"}],"wp:attachment":[{"href":"http:\/\/realnews-beilngries.de\/index.php?rest_route=%2Fwp%2Fv2%2Fmedia&parent=5369"}],"wp:term":[{"taxonomy":"category","embeddable":true,"href":"http:\/\/realnews-beilngries.de\/index.php?rest_route=%2Fwp%2Fv2%2Fcategories&post=5369"},{"taxonomy":"post_tag","embeddable":true,"href":"http:\/\/realnews-beilngries.de\/index.php?rest_route=%2Fwp%2Fv2%2Ftags&post=5369"}],"curies":[{"name":"wp","href":"https:\/\/api.w.org\/{rel}","templated":true}]}}