{"id":5311,"date":"2025-02-28T14:13:12","date_gmt":"2025-02-28T13:13:12","guid":{"rendered":"https:\/\/realnews-beilngries.de\/?p=5311"},"modified":"2025-02-28T14:13:12","modified_gmt":"2025-02-28T13:13:12","slug":"autorinnenlesung-an-der-arb","status":"publish","type":"post","link":"http:\/\/realnews-beilngries.de\/?p=5311","title":{"rendered":"Autorinnenlesung an der ARB!"},"content":{"rendered":"\n<p><em><strong>Am Donnerstag, dem 20.02.2025, fand an unserer Schule eine spannende Autorenlesung mit der Jugendbuchautorin Susi Zeitler statt. Die Sch\u00fclerinnen und Sch\u00fcler der 5. und 6. Klassen hatten die Gelegenheit, mehr \u00fcber das Buch \u201eKonrad und das Geheimnis von Glansburg\u201c zu erfahren und die Autorin pers\u00f6nlich kennenzulernen.<\/strong> (Ein Beitrag von Frau Scheuerer.)<\/em><\/p>\n\n\n\n<p>Die Lesung begann mit einer kurzen Einf\u00fchrung von Susi Zeitler, au\u00dferdem stellte sie verschiedene Fragen an die Kinder.&nbsp; Anschlie\u00dfend lauschten die Sch\u00fclerinnen und Sch\u00fcler gespannt, als sie einige Passagen aus \u201eKonrad und das Geheimnis von Glansburg\u201c vorlas.&nbsp; Die Autorin schaffte es, die Zuh\u00f6rer mit den anschaulichen Beschreibungen in die Welt des Mittelalters zu entf\u00fchren.<\/p>\n\n\n\n<figure class=\"is-layout-flex wp-block-gallery-1 wp-block-gallery aligncenter has-nested-images columns-default is-cropped\">\n<figure class=\"wp-block-image size-large\"><img decoding=\"async\" loading=\"lazy\" width=\"768\" height=\"1024\" data-id=\"5314\"  src=\"https:\/\/realnews-beilngries.de\/wp-content\/uploads\/2025\/02\/1-7-768x1024.jpg\" alt=\"\" class=\"wp-image-5314\" srcset=\"http:\/\/realnews-beilngries.de\/wp-content\/uploads\/2025\/02\/1-7-768x1024.jpg 768w, http:\/\/realnews-beilngries.de\/wp-content\/uploads\/2025\/02\/1-7-225x300.jpg 225w, http:\/\/realnews-beilngries.de\/wp-content\/uploads\/2025\/02\/1-7-1152x1536.jpg 1152w, http:\/\/realnews-beilngries.de\/wp-content\/uploads\/2025\/02\/1-7.jpg 1368w\" sizes=\"(max-width: 768px) 100vw, 768px\" \/><\/figure>\n\n\n\n<figure class=\"wp-block-image size-large\"><img decoding=\"async\" loading=\"lazy\" width=\"768\" height=\"1024\" data-id=\"5313\"  src=\"https:\/\/realnews-beilngries.de\/wp-content\/uploads\/2025\/02\/2-8-768x1024.jpg\" alt=\"\" class=\"wp-image-5313\" srcset=\"http:\/\/realnews-beilngries.de\/wp-content\/uploads\/2025\/02\/2-8-768x1024.jpg 768w, http:\/\/realnews-beilngries.de\/wp-content\/uploads\/2025\/02\/2-8-225x300.jpg 225w, http:\/\/realnews-beilngries.de\/wp-content\/uploads\/2025\/02\/2-8-1152x1536.jpg 1152w, http:\/\/realnews-beilngries.de\/wp-content\/uploads\/2025\/02\/2-8.jpg 1368w\" sizes=\"(max-width: 768px) 100vw, 768px\" \/><\/figure>\n<\/figure>\n\n\n\n<p>Nach der Lesung hatten die Kinder die M\u00f6glichkeit, Fragen zu stellen. Viele waren neugierig, wie Susi Zeitler ihre Geschichten entwickelt und wie das Leben als Autorin ist. Insgesamt war die Lesung ein gro\u00dfer Erfolg und hat das Interesse der Kinder an Literatur und dem Mittelalter geweckt.&nbsp;Wir danken Susi Zeitler herzlich f\u00fcr die spannende Autorenlesung.<\/p>\n","protected":false},"excerpt":{"rendered":"<p>Am Donnerstag, dem 20.02.2025, fand an unserer Schule eine spannende Autorenlesung mit der Jugendbuchautorin Susi Zeitler statt. Die Sch\u00fclerinnen und Sch\u00fcler der 5. und 6.<\/p>\n","protected":false},"author":19,"featured_media":5312,"comment_status":"open","ping_status":"open","sticky":false,"template":"","format":"standard","meta":[],"categories":[5],"tags":[28],"_links":{"self":[{"href":"http:\/\/realnews-beilngries.de\/index.php?rest_route=\/wp\/v2\/posts\/5311"}],"collection":[{"href":"http:\/\/realnews-beilngries.de\/index.php?rest_route=\/wp\/v2\/posts"}],"about":[{"href":"http:\/\/realnews-beilngries.de\/index.php?rest_route=\/wp\/v2\/types\/post"}],"author":[{"embeddable":true,"href":"http:\/\/realnews-beilngries.de\/index.php?rest_route=\/wp\/v2\/users\/19"}],"replies":[{"embeddable":true,"href":"http:\/\/realnews-beilngries.de\/index.php?rest_route=%2Fwp%2Fv2%2Fcomments&post=5311"}],"version-history":[{"count":2,"href":"http:\/\/realnews-beilngries.de\/index.php?rest_route=\/wp\/v2\/posts\/5311\/revisions"}],"predecessor-version":[{"id":5323,"href":"http:\/\/realnews-beilngries.de\/index.php?rest_route=\/wp\/v2\/posts\/5311\/revisions\/5323"}],"wp:featuredmedia":[{"embeddable":true,"href":"http:\/\/realnews-beilngries.de\/index.php?rest_route=\/wp\/v2\/media\/5312"}],"wp:attachment":[{"href":"http:\/\/realnews-beilngries.de\/index.php?rest_route=%2Fwp%2Fv2%2Fmedia&parent=5311"}],"wp:term":[{"taxonomy":"category","embeddable":true,"href":"http:\/\/realnews-beilngries.de\/index.php?rest_route=%2Fwp%2Fv2%2Fcategories&post=5311"},{"taxonomy":"post_tag","embeddable":true,"href":"http:\/\/realnews-beilngries.de\/index.php?rest_route=%2Fwp%2Fv2%2Ftags&post=5311"}],"curies":[{"name":"wp","href":"https:\/\/api.w.org\/{rel}","templated":true}]}}