{"id":5195,"date":"2025-02-03T17:23:56","date_gmt":"2025-02-03T16:23:56","guid":{"rendered":"https:\/\/realnews-beilngries.de\/?p=5195"},"modified":"2025-02-03T17:23:56","modified_gmt":"2025-02-03T16:23:56","slug":"wintersportwoche-der-7a-7d-tag-der-anreise","status":"publish","type":"post","link":"http:\/\/realnews-beilngries.de\/?p=5195","title":{"rendered":"Wintersportwoche der 7A\/7D &#8211; Tag der Anreise"},"content":{"rendered":"\n<p><em><strong>Am Montag, dem 03.02., brachen die ersten beiden 7. Klassen zur diesj\u00e4hrigen Wintersportwoche nach Bad Hindelang auf. Beim Wetter hatten die Jugendlichen und die sie begleitenden Lehrkr\u00e4fte schon mal Gl\u00fcck&#8230; <\/strong>(Ein Beitrag von Herrn Mayerh\u00f6fer.)<\/em><\/p>\n\n\n\n<p>Nach einer kurzweiligen Anfahrt gab es zun\u00e4chst eine St\u00e4rkung in der Unterkunft. Danach ging es f\u00fcr die angehenden Schifahrerinnen und Schifahrer gleich auf die Piste. Bei Kaiserwetter wurden dort die ersten Schw\u00fcnge gefahren &#8211; mal mehr, mal weniger erfolgreich. \ud83d\ude09<\/p>\n\n\n\n<p>Kaputt, aber zufrieden ging es dann zur\u00fcck in die Unterkunft. Abends stehen dann noch die Pistenregeln und gemeinsame Spiele auf dem Programm&#8230;<\/p>\n","protected":false},"excerpt":{"rendered":"<p>Am Montag, dem 03.02., brachen die ersten beiden 7. Klassen zur diesj\u00e4hrigen Wintersportwoche nach Bad Hindelang auf. Beim Wetter hatten die Jugendlichen und die sie<\/p>\n","protected":false},"author":19,"featured_media":5196,"comment_status":"open","ping_status":"open","sticky":false,"template":"","format":"standard","meta":[],"categories":[6],"tags":[288],"_links":{"self":[{"href":"http:\/\/realnews-beilngries.de\/index.php?rest_route=\/wp\/v2\/posts\/5195"}],"collection":[{"href":"http:\/\/realnews-beilngries.de\/index.php?rest_route=\/wp\/v2\/posts"}],"about":[{"href":"http:\/\/realnews-beilngries.de\/index.php?rest_route=\/wp\/v2\/types\/post"}],"author":[{"embeddable":true,"href":"http:\/\/realnews-beilngries.de\/index.php?rest_route=\/wp\/v2\/users\/19"}],"replies":[{"embeddable":true,"href":"http:\/\/realnews-beilngries.de\/index.php?rest_route=%2Fwp%2Fv2%2Fcomments&post=5195"}],"version-history":[{"count":1,"href":"http:\/\/realnews-beilngries.de\/index.php?rest_route=\/wp\/v2\/posts\/5195\/revisions"}],"predecessor-version":[{"id":5197,"href":"http:\/\/realnews-beilngries.de\/index.php?rest_route=\/wp\/v2\/posts\/5195\/revisions\/5197"}],"wp:featuredmedia":[{"embeddable":true,"href":"http:\/\/realnews-beilngries.de\/index.php?rest_route=\/wp\/v2\/media\/5196"}],"wp:attachment":[{"href":"http:\/\/realnews-beilngries.de\/index.php?rest_route=%2Fwp%2Fv2%2Fmedia&parent=5195"}],"wp:term":[{"taxonomy":"category","embeddable":true,"href":"http:\/\/realnews-beilngries.de\/index.php?rest_route=%2Fwp%2Fv2%2Fcategories&post=5195"},{"taxonomy":"post_tag","embeddable":true,"href":"http:\/\/realnews-beilngries.de\/index.php?rest_route=%2Fwp%2Fv2%2Ftags&post=5195"}],"curies":[{"name":"wp","href":"https:\/\/api.w.org\/{rel}","templated":true}]}}