{"id":5174,"date":"2025-01-27T13:42:09","date_gmt":"2025-01-27T12:42:09","guid":{"rendered":"https:\/\/realnews-beilngries.de\/?p=5174"},"modified":"2025-01-27T13:42:09","modified_gmt":"2025-01-27T12:42:09","slug":"mit-licht-malen-picasso-trifft-ipads","status":"publish","type":"post","link":"http:\/\/realnews-beilngries.de\/?p=5174","title":{"rendered":"Mit Licht malen: Picasso trifft iPads!"},"content":{"rendered":"\n<p><em><strong>W\u00e4hrend das \u201eMuseum Lothar Fischer\u201c im nahegelegenen Neumarkt ihm derzeit noch eine ganze Ausstellung widmet, haben sich unsere Sch\u00fclerinnen und Sch\u00fcler der 5b diesen K\u00fcnstler im Unterricht zum Vorbild genommen: die Rede ist von Pablo Picasso.<\/strong> (Ein Beitrag von Frau Palmer.)<\/em><\/p>\n\n\n\n<p>Picasso hat gerne experimentiert und mit Licht in Fotos gemalt. Allerdings konnte er 1949 diese Lichtmalerei nur ohne moderne Technik oder Hilfsmittel wie LED-Taschenlampen, sondern nur mit einem echten Fotoapparat, langer Belichtungszeit und Lampen erschaffen.<\/p>\n\n\n\n<figure class=\"is-layout-flex wp-block-gallery-1 wp-block-gallery aligncenter has-nested-images columns-default is-cropped\">\n<figure class=\"wp-block-image size-large\"><img decoding=\"async\" loading=\"lazy\" width=\"1024\" height=\"1024\" data-id=\"5176\"  src=\"https:\/\/realnews-beilngries.de\/wp-content\/uploads\/2025\/01\/Collage1-1024x1024.jpg\" alt=\"\" class=\"wp-image-5176\" srcset=\"http:\/\/realnews-beilngries.de\/wp-content\/uploads\/2025\/01\/Collage1-1024x1024.jpg 1024w, http:\/\/realnews-beilngries.de\/wp-content\/uploads\/2025\/01\/Collage1-300x300.jpg 300w, http:\/\/realnews-beilngries.de\/wp-content\/uploads\/2025\/01\/Collage1-150x150.jpg 150w, http:\/\/realnews-beilngries.de\/wp-content\/uploads\/2025\/01\/Collage1-768x768.jpg 768w, http:\/\/realnews-beilngries.de\/wp-content\/uploads\/2025\/01\/Collage1-1536x1536.jpg 1536w, http:\/\/realnews-beilngries.de\/wp-content\/uploads\/2025\/01\/Collage1-2048x2048.jpg 2048w\" sizes=\"(max-width: 1024px) 100vw, 1024px\" \/><\/figure>\n\n\n\n<figure class=\"wp-block-image size-large\"><img decoding=\"async\" loading=\"lazy\" width=\"1024\" height=\"1024\" data-id=\"5175\"  src=\"https:\/\/realnews-beilngries.de\/wp-content\/uploads\/2025\/01\/Collage2-1024x1024.jpg\" alt=\"\" class=\"wp-image-5175\" srcset=\"http:\/\/realnews-beilngries.de\/wp-content\/uploads\/2025\/01\/Collage2-1024x1024.jpg 1024w, http:\/\/realnews-beilngries.de\/wp-content\/uploads\/2025\/01\/Collage2-300x300.jpg 300w, http:\/\/realnews-beilngries.de\/wp-content\/uploads\/2025\/01\/Collage2-150x150.jpg 150w, http:\/\/realnews-beilngries.de\/wp-content\/uploads\/2025\/01\/Collage2-768x768.jpg 768w, http:\/\/realnews-beilngries.de\/wp-content\/uploads\/2025\/01\/Collage2-1536x1536.jpg 1536w, http:\/\/realnews-beilngries.de\/wp-content\/uploads\/2025\/01\/Collage2-2048x2048.jpg 2048w\" sizes=\"(max-width: 1024px) 100vw, 1024px\" \/><\/figure>\n<\/figure>\n\n\n\n<p>Und so hat auch die Klasse 5b im Kunstunterricht die dunkle Jahreszeit genutzt, um mit den iPads der Schule und der App <em>Wow<\/em>, den mitgebrachten Lichtern, Taschenlampen und farbigem Transparentpapier eigene tolle Bilder zu gestalten. Eine Auswahl der entstandenen \u201alight painting\u2018-Fotos seht ihr hier\u2026<\/p>\n\n\n\n<figure class=\"is-layout-flex wp-block-gallery-3 wp-block-gallery aligncenter has-nested-images columns-default is-cropped\">\n<figure class=\"wp-block-image size-large\"><img decoding=\"async\" loading=\"lazy\" width=\"1024\" height=\"1024\" data-id=\"5177\"  src=\"https:\/\/realnews-beilngries.de\/wp-content\/uploads\/2025\/01\/Collage4-1024x1024.jpg\" alt=\"\" class=\"wp-image-5177\" srcset=\"http:\/\/realnews-beilngries.de\/wp-content\/uploads\/2025\/01\/Collage4-1024x1024.jpg 1024w, http:\/\/realnews-beilngries.de\/wp-content\/uploads\/2025\/01\/Collage4-300x300.jpg 300w, http:\/\/realnews-beilngries.de\/wp-content\/uploads\/2025\/01\/Collage4-150x150.jpg 150w, http:\/\/realnews-beilngries.de\/wp-content\/uploads\/2025\/01\/Collage4-768x768.jpg 768w, http:\/\/realnews-beilngries.de\/wp-content\/uploads\/2025\/01\/Collage4-1536x1536.jpg 1536w, http:\/\/realnews-beilngries.de\/wp-content\/uploads\/2025\/01\/Collage4-2048x2048.jpg 2048w\" sizes=\"(max-width: 1024px) 100vw, 1024px\" \/><\/figure>\n\n\n\n<figure class=\"wp-block-image size-large\"><img decoding=\"async\" loading=\"lazy\" width=\"1024\" height=\"1024\" data-id=\"5178\"  src=\"https:\/\/realnews-beilngries.de\/wp-content\/uploads\/2025\/01\/Collage5-1024x1024.jpg\" alt=\"\" class=\"wp-image-5178\" srcset=\"http:\/\/realnews-beilngries.de\/wp-content\/uploads\/2025\/01\/Collage5-1024x1024.jpg 1024w, http:\/\/realnews-beilngries.de\/wp-content\/uploads\/2025\/01\/Collage5-300x300.jpg 300w, http:\/\/realnews-beilngries.de\/wp-content\/uploads\/2025\/01\/Collage5-150x150.jpg 150w, http:\/\/realnews-beilngries.de\/wp-content\/uploads\/2025\/01\/Collage5-768x768.jpg 768w, http:\/\/realnews-beilngries.de\/wp-content\/uploads\/2025\/01\/Collage5-1536x1536.jpg 1536w, http:\/\/realnews-beilngries.de\/wp-content\/uploads\/2025\/01\/Collage5-2048x2048.jpg 2048w\" sizes=\"(max-width: 1024px) 100vw, 1024px\" \/><\/figure>\n<\/figure>\n","protected":false},"excerpt":{"rendered":"<p>W\u00e4hrend das \u201eMuseum Lothar Fischer\u201c im nahegelegenen Neumarkt ihm derzeit noch eine ganze Ausstellung widmet, haben sich unsere Sch\u00fclerinnen und Sch\u00fcler der 5b diesen K\u00fcnstler<\/p>\n","protected":false},"author":19,"featured_media":5179,"comment_status":"open","ping_status":"open","sticky":false,"template":"","format":"standard","meta":[],"categories":[5],"tags":[130],"_links":{"self":[{"href":"http:\/\/realnews-beilngries.de\/index.php?rest_route=\/wp\/v2\/posts\/5174"}],"collection":[{"href":"http:\/\/realnews-beilngries.de\/index.php?rest_route=\/wp\/v2\/posts"}],"about":[{"href":"http:\/\/realnews-beilngries.de\/index.php?rest_route=\/wp\/v2\/types\/post"}],"author":[{"embeddable":true,"href":"http:\/\/realnews-beilngries.de\/index.php?rest_route=\/wp\/v2\/users\/19"}],"replies":[{"embeddable":true,"href":"http:\/\/realnews-beilngries.de\/index.php?rest_route=%2Fwp%2Fv2%2Fcomments&post=5174"}],"version-history":[{"count":1,"href":"http:\/\/realnews-beilngries.de\/index.php?rest_route=\/wp\/v2\/posts\/5174\/revisions"}],"predecessor-version":[{"id":5180,"href":"http:\/\/realnews-beilngries.de\/index.php?rest_route=\/wp\/v2\/posts\/5174\/revisions\/5180"}],"wp:featuredmedia":[{"embeddable":true,"href":"http:\/\/realnews-beilngries.de\/index.php?rest_route=\/wp\/v2\/media\/5179"}],"wp:attachment":[{"href":"http:\/\/realnews-beilngries.de\/index.php?rest_route=%2Fwp%2Fv2%2Fmedia&parent=5174"}],"wp:term":[{"taxonomy":"category","embeddable":true,"href":"http:\/\/realnews-beilngries.de\/index.php?rest_route=%2Fwp%2Fv2%2Fcategories&post=5174"},{"taxonomy":"post_tag","embeddable":true,"href":"http:\/\/realnews-beilngries.de\/index.php?rest_route=%2Fwp%2Fv2%2Ftags&post=5174"}],"curies":[{"name":"wp","href":"https:\/\/api.w.org\/{rel}","templated":true}]}}