{"id":5107,"date":"2024-12-19T15:21:03","date_gmt":"2024-12-19T14:21:03","guid":{"rendered":"https:\/\/realnews-beilngries.de\/?p=5107"},"modified":"2024-12-19T15:21:03","modified_gmt":"2024-12-19T14:21:03","slug":"das-sprachcafe-wuenscht-frohe-weihnachten-und-mehr","status":"publish","type":"post","link":"http:\/\/realnews-beilngries.de\/?p=5107","title":{"rendered":"<strong>Das Sprachcaf\u00e9 w\u00fcnscht \u201eFrohe Weihnachten\u201c \u2013 und mehr!<\/strong>"},"content":{"rendered":"\n<p><em><strong>Deutsch sprechen wir alle (mehr oder weniger gut \ud83d\ude09 ) \u2026 aber wusstet ihr schon, dass fast jeder Siebte unserer Sch\u00fclerinnen und Sch\u00fcler zu Hause noch eine andere Sprache (oder gleich mehrere davon!) sprechen?<\/strong> (Ein Beitrag von Herrn Fischer.)<\/em><\/p>\n\n\n\n<p>Die Teilnehmerinnen und Teilnehmer am Sprachcaf\u00e9 haben sich auf die Suche nach weihnachtlichen Gr\u00fc\u00dfen in anderen Sprachen gemacht und anschlie\u00dfend mit dem Lasercutter mehrsprachigen Weihnachtsschmuck gebastelt: So findet Ihr an den Verglasungen unseres Sch\u00fclercaf\u00e9s Weihnachtsw\u00fcnsche in \u00fcber f\u00fcnfzehn verschiedenen Sprachen! Welche davon (er)kennt ihr? Ist eure Sprache auch dabei? Hinterlasst uns gerne einen Kommentar!<\/p>\n\n\n\n<p>Das Sprachcaf\u00e9 w\u00fcnscht also nicht nur frohe Weihnachten, sondern auch Merry Christmas, <em>Joyeux No\u00ebl, <\/em>Feliz Navidad, <em>Buon Natale,<\/em> Vesel\u00e9 V\u00e1noce, <em>Weso\u0142ych \u015awi\u0105t,<\/em> \u039a\u03b1\u03bb\u03ac \u03a7\u03c1\u03b9\u03c3\u03c4\u03bf\u03cd\u03b3\u03b5\u03bd\u03bd\u03b1, <em>\u0421 \u0420\u043e\u0436\u0434\u0435\u0441\u0442\u0432\u043e\u043c,<\/em> God Jul, <em>Gl\u00e6delig Jul,<\/em> Vrolijk Kerstfeest, <em>Hyv\u00e4\u00e4 Joulua,<\/em> Gle\u00f0ileg J\u00f3l, <em>Boldog Kar\u00e1csonyt,<\/em> \u010cestit Bo\u017ei\u0107, <em>Cr\u0103ciun Fericit,<\/em> Sh\u00ebngjet\u00eb e bekuara, und <em>Prettige Feestdagen!<\/em><\/p>\n\n\n\n<p>P.S.: Wer gerne mehr \u00fcber Weihnachtslieder in anderen europ\u00e4ischen L\u00e4ndern erfahren m\u00f6chte, dem sei der Radiobeitrag \u201e<strong>Nicht nur &#8222;Last Christmas&#8220;: Popul\u00e4re Weihnachtslieder in Europa\u201c <\/strong>von BR 2 ans Herz gelegt, unter folgender Adresse nachzuh\u00f6ren:<\/p>\n\n\n\n<p><a href=\"https:\/\/www.br.de\/nachrichten\/kultur\/nicht-nur-last-christmas-populaere-weihnachtslieder-in-europa\">https:\/\/www.br.de\/nachrichten\/kultur\/nicht-nur-last-christmas-populaere-weihnachtslieder-in-europa<\/a><\/p>\n","protected":false},"excerpt":{"rendered":"<p>Deutsch sprechen wir alle (mehr oder weniger gut \ud83d\ude09 ) \u2026 aber wusstet ihr schon, dass fast jeder Siebte unserer Sch\u00fclerinnen und Sch\u00fcler zu Hause<\/p>\n","protected":false},"author":19,"featured_media":5108,"comment_status":"open","ping_status":"open","sticky":false,"template":"","format":"standard","meta":[],"categories":[2],"tags":[266],"_links":{"self":[{"href":"http:\/\/realnews-beilngries.de\/index.php?rest_route=\/wp\/v2\/posts\/5107"}],"collection":[{"href":"http:\/\/realnews-beilngries.de\/index.php?rest_route=\/wp\/v2\/posts"}],"about":[{"href":"http:\/\/realnews-beilngries.de\/index.php?rest_route=\/wp\/v2\/types\/post"}],"author":[{"embeddable":true,"href":"http:\/\/realnews-beilngries.de\/index.php?rest_route=\/wp\/v2\/users\/19"}],"replies":[{"embeddable":true,"href":"http:\/\/realnews-beilngries.de\/index.php?rest_route=%2Fwp%2Fv2%2Fcomments&post=5107"}],"version-history":[{"count":1,"href":"http:\/\/realnews-beilngries.de\/index.php?rest_route=\/wp\/v2\/posts\/5107\/revisions"}],"predecessor-version":[{"id":5109,"href":"http:\/\/realnews-beilngries.de\/index.php?rest_route=\/wp\/v2\/posts\/5107\/revisions\/5109"}],"wp:featuredmedia":[{"embeddable":true,"href":"http:\/\/realnews-beilngries.de\/index.php?rest_route=\/wp\/v2\/media\/5108"}],"wp:attachment":[{"href":"http:\/\/realnews-beilngries.de\/index.php?rest_route=%2Fwp%2Fv2%2Fmedia&parent=5107"}],"wp:term":[{"taxonomy":"category","embeddable":true,"href":"http:\/\/realnews-beilngries.de\/index.php?rest_route=%2Fwp%2Fv2%2Fcategories&post=5107"},{"taxonomy":"post_tag","embeddable":true,"href":"http:\/\/realnews-beilngries.de\/index.php?rest_route=%2Fwp%2Fv2%2Ftags&post=5107"}],"curies":[{"name":"wp","href":"https:\/\/api.w.org\/{rel}","templated":true}]}}