{"id":4817,"date":"2024-11-08T08:08:59","date_gmt":"2024-11-08T07:08:59","guid":{"rendered":"https:\/\/realnews-beilngries.de\/?p=4817"},"modified":"2024-11-08T08:08:59","modified_gmt":"2024-11-08T07:08:59","slug":"arb-arbeitgeber-realschule-buehler-halle","status":"publish","type":"post","link":"http:\/\/realnews-beilngries.de\/?p=4817","title":{"rendered":"ARB = Arbeitgeber, Realschule, B\u00fchler-Halle"},"content":{"rendered":"\n<p><em><strong>Normalerweise steht das K\u00fcrzel ARB f\u00fcr unsere Altm\u00fchltal-Realschule Beilngries. Am Freitag vor den Herbstferien bekamen diese drei Buchstaben aber eine neue Bedeutung: Zahlreiche Arbeitgeberinnen\/Arbeitgeber aus der Region trafen mit unseren Realsch\u00fclerinnen\/Realsch\u00fclern in der B\u00fchler-Halle zusammen &#8211; zur zweiten Auflage der Berufsausbildungsmesse, die von Mittelschule und Realschule gemeinsam organisiert wurde.<\/strong><\/em><\/p>\n\n\n\n<p>Noch keine Ausbildungsstelle oder kein Praktikumsplatz in Sicht? Kein Problem, f\u00fcr solche F\u00e4lle kam die Berufsausbildungsmesse am 27. Oktober 2024 in der B\u00fchler-Halle gerade recht. Mit insgesamt 62 Firmen war dieses Jahr jeder Platz in der Halle belegt und gen\u00fcgend Auswahl, damit alle Sch\u00fclerinnen und Sch\u00fcler aus den 7. bis 10. Klassen (erste) Erfahrungen machen konnten, in welche berufliche Richtung es nach der Schulzeit f\u00fcr sie gehen sollte. Vielleicht haben ja auch manche von euch einen Praktikumsplatz oder vielleicht sogar ihren sp\u00e4teren Ausbildungsplatz dort gefunden.<\/p>\n\n\n<div class=\"wp-block-image\">\n<figure class=\"aligncenter size-large\"><img decoding=\"async\" loading=\"lazy\" width=\"1024\" height=\"578\" src=\"https:\/\/realnews-beilngries.de\/wp-content\/uploads\/2024\/11\/DSC_2141-1024x578.jpg\" alt=\"\" class=\"wp-image-4822\" srcset=\"http:\/\/realnews-beilngries.de\/wp-content\/uploads\/2024\/11\/DSC_2141-1024x578.jpg 1024w, http:\/\/realnews-beilngries.de\/wp-content\/uploads\/2024\/11\/DSC_2141-300x169.jpg 300w, http:\/\/realnews-beilngries.de\/wp-content\/uploads\/2024\/11\/DSC_2141-768x433.jpg 768w, http:\/\/realnews-beilngries.de\/wp-content\/uploads\/2024\/11\/DSC_2141-1536x867.jpg 1536w, http:\/\/realnews-beilngries.de\/wp-content\/uploads\/2024\/11\/DSC_2141-2048x1155.jpg 2048w\" sizes=\"(max-width: 1024px) 100vw, 1024px\" \/><figcaption class=\"wp-element-caption\">Gesch\u00e4ftiges Treiben auf dem &#8222;Messe-Gel\u00e4nde&#8220;&#8230;<\/figcaption><\/figure><\/div>\n\n\n<p>So \u00e4u\u00dferte sich beispielsweise der von uns befragte Ben aus einer der 9. Klassen: <em>\u201eIch fand es sehr toll zu sehen, dass dieses Jahr eine noch gr\u00f6\u00dfere Auswahl an unterschiedlichen Berufszweigen zu begutachten war. Zudem hatten wir gen\u00fcgend Zeit, um uns von denen Firmen, die uns interessieren, genauere Informationen zu holen.\u201c<\/em><\/p>\n","protected":false},"excerpt":{"rendered":"<p>Normalerweise steht das K\u00fcrzel ARB f\u00fcr unsere Altm\u00fchltal-Realschule Beilngries. Am Freitag vor den Herbstferien bekamen diese drei Buchstaben aber eine neue Bedeutung: Zahlreiche Arbeitgeberinnen\/Arbeitgeber aus<\/p>\n","protected":false},"author":19,"featured_media":4821,"comment_status":"open","ping_status":"open","sticky":false,"template":"","format":"standard","meta":[],"categories":[2],"tags":[267],"_links":{"self":[{"href":"http:\/\/realnews-beilngries.de\/index.php?rest_route=\/wp\/v2\/posts\/4817"}],"collection":[{"href":"http:\/\/realnews-beilngries.de\/index.php?rest_route=\/wp\/v2\/posts"}],"about":[{"href":"http:\/\/realnews-beilngries.de\/index.php?rest_route=\/wp\/v2\/types\/post"}],"author":[{"embeddable":true,"href":"http:\/\/realnews-beilngries.de\/index.php?rest_route=\/wp\/v2\/users\/19"}],"replies":[{"embeddable":true,"href":"http:\/\/realnews-beilngries.de\/index.php?rest_route=%2Fwp%2Fv2%2Fcomments&post=4817"}],"version-history":[{"count":3,"href":"http:\/\/realnews-beilngries.de\/index.php?rest_route=\/wp\/v2\/posts\/4817\/revisions"}],"predecessor-version":[{"id":4823,"href":"http:\/\/realnews-beilngries.de\/index.php?rest_route=\/wp\/v2\/posts\/4817\/revisions\/4823"}],"wp:featuredmedia":[{"embeddable":true,"href":"http:\/\/realnews-beilngries.de\/index.php?rest_route=\/wp\/v2\/media\/4821"}],"wp:attachment":[{"href":"http:\/\/realnews-beilngries.de\/index.php?rest_route=%2Fwp%2Fv2%2Fmedia&parent=4817"}],"wp:term":[{"taxonomy":"category","embeddable":true,"href":"http:\/\/realnews-beilngries.de\/index.php?rest_route=%2Fwp%2Fv2%2Fcategories&post=4817"},{"taxonomy":"post_tag","embeddable":true,"href":"http:\/\/realnews-beilngries.de\/index.php?rest_route=%2Fwp%2Fv2%2Ftags&post=4817"}],"curies":[{"name":"wp","href":"https:\/\/api.w.org\/{rel}","templated":true}]}}