{"id":4743,"date":"2024-09-27T10:00:47","date_gmt":"2024-09-27T08:00:47","guid":{"rendered":"http:\/\/realnews-beilngries.de\/?p=4743"},"modified":"2024-09-27T10:01:08","modified_gmt":"2024-09-27T08:01:08","slug":"die-obst-und-gemuesetage-starten-wieder","status":"publish","type":"post","link":"http:\/\/realnews-beilngries.de\/?p=4743","title":{"rendered":"Die Obst- und Gem\u00fcsetage starten wieder!"},"content":{"rendered":"\n<p><em><strong>Sie sind an unserer ARB inzwischen zu einer beliebten Tradition geworden: die Obst- und Gem\u00fcsetage f\u00fcr die Sch\u00fclerinnen und Sch\u00fcler aus den verschiedenen Jahrgangsstufen. Und das v\u00f6llig zurecht: Schlie\u00dflich kann man sich an diesen Tagen mit frisch geschnippeltem Obst und Gem\u00fcse so richtig den Bauch vollschlagen&#8230; \ud83d\ude09<\/strong><\/em><\/p>\n\n\n\n<p>Am Donnerstag, dem 26.09., waren dieses Mal unsere &#8222;Neuzug\u00e4nge&#8220; aus den 5. Klassen dran: Im Sch\u00fclercaf\u00e9 lie\u00dfen sich unsere J\u00fcngsten die Vitaminbomben richtig schmecken! Da machen ja allein die Bilder schon Appetit auf mehr&#8230; \ud83d\ude42<\/p>\n\n\n\n<figure class=\"is-layout-flex wp-block-gallery-1 wp-block-gallery aligncenter has-nested-images columns-default is-cropped\">\n<figure class=\"wp-block-image size-large\"><img decoding=\"async\" loading=\"lazy\" width=\"1024\" height=\"768\" data-id=\"4745\"  src=\"http:\/\/realnews-beilngries.de\/wp-content\/uploads\/2024\/09\/Bild-1-1024x768.jpg\" alt=\"\" class=\"wp-image-4745\" srcset=\"http:\/\/realnews-beilngries.de\/wp-content\/uploads\/2024\/09\/Bild-1-1024x768.jpg 1024w, http:\/\/realnews-beilngries.de\/wp-content\/uploads\/2024\/09\/Bild-1-300x225.jpg 300w, http:\/\/realnews-beilngries.de\/wp-content\/uploads\/2024\/09\/Bild-1-768x576.jpg 768w, http:\/\/realnews-beilngries.de\/wp-content\/uploads\/2024\/09\/Bild-1.jpg 1386w\" sizes=\"(max-width: 1024px) 100vw, 1024px\" \/><\/figure>\n\n\n\n<figure class=\"wp-block-image size-large\"><img decoding=\"async\" loading=\"lazy\" width=\"1024\" height=\"768\" data-id=\"4744\"  src=\"http:\/\/realnews-beilngries.de\/wp-content\/uploads\/2024\/09\/Bild-2-1024x768.jpg\" alt=\"\" class=\"wp-image-4744\" srcset=\"http:\/\/realnews-beilngries.de\/wp-content\/uploads\/2024\/09\/Bild-2-1024x768.jpg 1024w, http:\/\/realnews-beilngries.de\/wp-content\/uploads\/2024\/09\/Bild-2-300x225.jpg 300w, http:\/\/realnews-beilngries.de\/wp-content\/uploads\/2024\/09\/Bild-2-768x576.jpg 768w, http:\/\/realnews-beilngries.de\/wp-content\/uploads\/2024\/09\/Bild-2.jpg 1386w\" sizes=\"(max-width: 1024px) 100vw, 1024px\" \/><\/figure>\n<\/figure>\n\n\n\n<p>Aber keine Sorge, f\u00fcr alle anderen Sch\u00fclerinnen und Sch\u00fcler ist auch genug da: Den n\u00e4chsten Obst- und Gem\u00fcsetag f\u00fcr die 6. und 7. Klassen wird es am 21.11. geben &#8211; und im kalten November kann man ein vitaminreiches Fr\u00fchst\u00fcck ja besonders gut gebrauchen!<\/p>\n","protected":false},"excerpt":{"rendered":"<p>Sie sind an unserer ARB inzwischen zu einer beliebten Tradition geworden: die Obst- und Gem\u00fcsetage f\u00fcr die Sch\u00fclerinnen und Sch\u00fcler aus den verschiedenen Jahrgangsstufen. Und<\/p>\n","protected":false},"author":19,"featured_media":4746,"comment_status":"open","ping_status":"open","sticky":false,"template":"","format":"standard","meta":[],"categories":[5],"tags":[137],"_links":{"self":[{"href":"http:\/\/realnews-beilngries.de\/index.php?rest_route=\/wp\/v2\/posts\/4743"}],"collection":[{"href":"http:\/\/realnews-beilngries.de\/index.php?rest_route=\/wp\/v2\/posts"}],"about":[{"href":"http:\/\/realnews-beilngries.de\/index.php?rest_route=\/wp\/v2\/types\/post"}],"author":[{"embeddable":true,"href":"http:\/\/realnews-beilngries.de\/index.php?rest_route=\/wp\/v2\/users\/19"}],"replies":[{"embeddable":true,"href":"http:\/\/realnews-beilngries.de\/index.php?rest_route=%2Fwp%2Fv2%2Fcomments&post=4743"}],"version-history":[{"count":2,"href":"http:\/\/realnews-beilngries.de\/index.php?rest_route=\/wp\/v2\/posts\/4743\/revisions"}],"predecessor-version":[{"id":4748,"href":"http:\/\/realnews-beilngries.de\/index.php?rest_route=\/wp\/v2\/posts\/4743\/revisions\/4748"}],"wp:featuredmedia":[{"embeddable":true,"href":"http:\/\/realnews-beilngries.de\/index.php?rest_route=\/wp\/v2\/media\/4746"}],"wp:attachment":[{"href":"http:\/\/realnews-beilngries.de\/index.php?rest_route=%2Fwp%2Fv2%2Fmedia&parent=4743"}],"wp:term":[{"taxonomy":"category","embeddable":true,"href":"http:\/\/realnews-beilngries.de\/index.php?rest_route=%2Fwp%2Fv2%2Fcategories&post=4743"},{"taxonomy":"post_tag","embeddable":true,"href":"http:\/\/realnews-beilngries.de\/index.php?rest_route=%2Fwp%2Fv2%2Ftags&post=4743"}],"curies":[{"name":"wp","href":"https:\/\/api.w.org\/{rel}","templated":true}]}}