{"id":4714,"date":"2024-09-11T15:21:13","date_gmt":"2024-09-11T13:21:13","guid":{"rendered":"http:\/\/realnews-beilngries.de\/?p=4714"},"modified":"2024-09-11T15:21:13","modified_gmt":"2024-09-11T13:21:13","slug":"lasst-uns-mit-hoffnung-und-freude-beginnen-2","status":"publish","type":"post","link":"http:\/\/realnews-beilngries.de\/?p=4714","title":{"rendered":"&#8222;Lasst uns mit Hoffnung und Freude beginnen!&#8220;"},"content":{"rendered":"\n<p><em><strong>Wie jedes Jahr fanden auch zu Beginn des Schuljahres 2024\/25 die Anfangsgottesdienste f\u00fcr alle Sch\u00fclerinnen und Sch\u00fcler sowie deren Lehrkr\u00e4fte in der Stadtpfarrkirche Beilngries statt. Zelebriert wurde der Wortgottesdienst von Pater Christoph, f\u00fcr die musikalische Gestaltung sorgten Frau Diepold und Herr Staudigl.<\/strong><\/em><\/p>\n\n\n\n<p>Das Motto des Gottesdienstes lautete dieses Mal: &#8222;Lasst uns mit Hoffnung und Freude beginnen.&#8220; Dieser Wunsch bezieht sich nat\u00fcrlich zuallererst auf unsere F\u00fcnftkl\u00e4sslerinnen und F\u00fcnftkl\u00e4ssler und deren Start an der f\u00fcr sie neuen Schule. Er gilt aber nat\u00fcrlich auch f\u00fcr die Kinder in allen anderen Jahrgangsstufen, ihre Lehrkr\u00e4fte, die Eltern sowie unseren ehemaligen Schulleiter Herrn Schuster und den neuen ARB-Direktor Herrn M\u00f6dl mit Blick auf die Zukunft an ihren jetzigen Dienststellen. Wir freuen uns alle auf die gemeinsame Zeit, die vor uns liegt.<\/p>\n","protected":false},"excerpt":{"rendered":"<p>Wie jedes Jahr fanden auch zu Beginn des Schuljahres 2024\/25 die Anfangsgottesdienste f\u00fcr alle Sch\u00fclerinnen und Sch\u00fcler sowie deren Lehrkr\u00e4fte in der Stadtpfarrkirche Beilngries statt.<\/p>\n","protected":false},"author":19,"featured_media":4715,"comment_status":"open","ping_status":"open","sticky":false,"template":"","format":"standard","meta":[],"categories":[2],"tags":[177],"_links":{"self":[{"href":"http:\/\/realnews-beilngries.de\/index.php?rest_route=\/wp\/v2\/posts\/4714"}],"collection":[{"href":"http:\/\/realnews-beilngries.de\/index.php?rest_route=\/wp\/v2\/posts"}],"about":[{"href":"http:\/\/realnews-beilngries.de\/index.php?rest_route=\/wp\/v2\/types\/post"}],"author":[{"embeddable":true,"href":"http:\/\/realnews-beilngries.de\/index.php?rest_route=\/wp\/v2\/users\/19"}],"replies":[{"embeddable":true,"href":"http:\/\/realnews-beilngries.de\/index.php?rest_route=%2Fwp%2Fv2%2Fcomments&post=4714"}],"version-history":[{"count":1,"href":"http:\/\/realnews-beilngries.de\/index.php?rest_route=\/wp\/v2\/posts\/4714\/revisions"}],"predecessor-version":[{"id":4716,"href":"http:\/\/realnews-beilngries.de\/index.php?rest_route=\/wp\/v2\/posts\/4714\/revisions\/4716"}],"wp:featuredmedia":[{"embeddable":true,"href":"http:\/\/realnews-beilngries.de\/index.php?rest_route=\/wp\/v2\/media\/4715"}],"wp:attachment":[{"href":"http:\/\/realnews-beilngries.de\/index.php?rest_route=%2Fwp%2Fv2%2Fmedia&parent=4714"}],"wp:term":[{"taxonomy":"category","embeddable":true,"href":"http:\/\/realnews-beilngries.de\/index.php?rest_route=%2Fwp%2Fv2%2Fcategories&post=4714"},{"taxonomy":"post_tag","embeddable":true,"href":"http:\/\/realnews-beilngries.de\/index.php?rest_route=%2Fwp%2Fv2%2Ftags&post=4714"}],"curies":[{"name":"wp","href":"https:\/\/api.w.org\/{rel}","templated":true}]}}