{"id":4699,"date":"2024-08-02T08:18:42","date_gmt":"2024-08-02T06:18:42","guid":{"rendered":"http:\/\/realnews-beilngries.de\/?p=4699"},"modified":"2024-08-02T08:18:42","modified_gmt":"2024-08-02T06:18:42","slug":"ehrung-unserer-besten-zum-schuljahresabschluss","status":"publish","type":"post","link":"http:\/\/realnews-beilngries.de\/?p=4699","title":{"rendered":"Ehrung unserer Besten zum Schuljahresabschluss"},"content":{"rendered":"\n<p><em><strong>Am letzten Tag des Schuljahres gibt es nicht nur die Abschlusszeugnisse &#8211; traditionell werden auch im Kreise aller Sch\u00fclerinnen und Sch\u00fcler sowie deren Lehrkr\u00e4fte die Besten und Engagiertesten der Altm\u00fchltal-Realschule geehrt.<\/strong><\/em><\/p>\n\n\n\n<p>Neben den jeweils Notenbesten aller Jahrgangsstufen (zweimal war sogar der perfekte Schnitt von 1,0 dabei!) erhielten auch die besten Sportler (z. B. Leichtathleten der Bundesjugendspiele, Schwimmer, Fu\u00dfballer, Spendenl\u00e4ufer, Tennisspieler), Musiker, Techniker, Blogger, K\u00fcnstlerinnen und K\u00fcnstler &#8211; kurzum alle, die sich f\u00fcr unsere Schulgemeinschaft eingesetzt haben, ihre verdienten Ehrungen.<\/p>\n\n\n<div class=\"wp-block-image\">\n<figure class=\"aligncenter size-large\"><img decoding=\"async\" loading=\"lazy\" width=\"1024\" height=\"773\" src=\"http:\/\/realnews-beilngries.de\/wp-content\/uploads\/2024\/08\/Beste-1024x773.jpg\" alt=\"\" class=\"wp-image-4700\" srcset=\"http:\/\/realnews-beilngries.de\/wp-content\/uploads\/2024\/08\/Beste-1024x773.jpg 1024w, http:\/\/realnews-beilngries.de\/wp-content\/uploads\/2024\/08\/Beste-300x226.jpg 300w, http:\/\/realnews-beilngries.de\/wp-content\/uploads\/2024\/08\/Beste-768x580.jpg 768w, http:\/\/realnews-beilngries.de\/wp-content\/uploads\/2024\/08\/Beste.jpg 1314w\" sizes=\"(max-width: 1024px) 100vw, 1024px\" \/><figcaption class=\"wp-element-caption\">Unsere Notenbesten aus den Jahrgangsstufen 5-9.<\/figcaption><\/figure><\/div>\n\n\n<p>Danach ging es wieder zur\u00fcck in die Klassenzimmer, wo zuerst endlich die Jahreszeugnisse ausgegeben wurden &#8211; und danach alle in die verdienten Sommerferien starten konnten.<\/p>\n\n\n\n<p class=\"has-text-align-center\"><strong><em>Realnews-Beilngries.de<\/em> w\u00fcnscht allen erholsame Ferien!<\/strong><\/p>\n","protected":false},"excerpt":{"rendered":"<p>Am letzten Tag des Schuljahres gibt es nicht nur die Abschlusszeugnisse &#8211; traditionell werden auch im Kreise aller Sch\u00fclerinnen und Sch\u00fcler sowie deren Lehrkr\u00e4fte die<\/p>\n","protected":false},"author":19,"featured_media":4701,"comment_status":"open","ping_status":"open","sticky":false,"template":"","format":"standard","meta":[],"categories":[2],"tags":[220],"_links":{"self":[{"href":"http:\/\/realnews-beilngries.de\/index.php?rest_route=\/wp\/v2\/posts\/4699"}],"collection":[{"href":"http:\/\/realnews-beilngries.de\/index.php?rest_route=\/wp\/v2\/posts"}],"about":[{"href":"http:\/\/realnews-beilngries.de\/index.php?rest_route=\/wp\/v2\/types\/post"}],"author":[{"embeddable":true,"href":"http:\/\/realnews-beilngries.de\/index.php?rest_route=\/wp\/v2\/users\/19"}],"replies":[{"embeddable":true,"href":"http:\/\/realnews-beilngries.de\/index.php?rest_route=%2Fwp%2Fv2%2Fcomments&post=4699"}],"version-history":[{"count":1,"href":"http:\/\/realnews-beilngries.de\/index.php?rest_route=\/wp\/v2\/posts\/4699\/revisions"}],"predecessor-version":[{"id":4702,"href":"http:\/\/realnews-beilngries.de\/index.php?rest_route=\/wp\/v2\/posts\/4699\/revisions\/4702"}],"wp:featuredmedia":[{"embeddable":true,"href":"http:\/\/realnews-beilngries.de\/index.php?rest_route=\/wp\/v2\/media\/4701"}],"wp:attachment":[{"href":"http:\/\/realnews-beilngries.de\/index.php?rest_route=%2Fwp%2Fv2%2Fmedia&parent=4699"}],"wp:term":[{"taxonomy":"category","embeddable":true,"href":"http:\/\/realnews-beilngries.de\/index.php?rest_route=%2Fwp%2Fv2%2Fcategories&post=4699"},{"taxonomy":"post_tag","embeddable":true,"href":"http:\/\/realnews-beilngries.de\/index.php?rest_route=%2Fwp%2Fv2%2Ftags&post=4699"}],"curies":[{"name":"wp","href":"https:\/\/api.w.org\/{rel}","templated":true}]}}