{"id":4692,"date":"2024-08-02T08:00:58","date_gmt":"2024-08-02T06:00:58","guid":{"rendered":"http:\/\/realnews-beilngries.de\/?p=4692"},"modified":"2024-08-03T20:42:27","modified_gmt":"2024-08-03T18:42:27","slug":"musikalisches-schuljahresende-das-xxl-pausenkonzert","status":"publish","type":"post","link":"http:\/\/realnews-beilngries.de\/?p=4692","title":{"rendered":"<strong>Musikalisches Schuljahresende: Das XXL-Pausenkonzert<\/strong>"},"content":{"rendered":"\n<p><em><strong>Wenn die Schulaula bis auf den letzten Platz gef\u00fcllt ist, gro\u00dfe und kleine Musikerinnen und Musiker ihre Instrumente aufbauen und Herr Staudigl und Frau Diepold hektisch durch die Aula schwirren, dann ist es wieder so weit: Es ist Zeit f\u00fcr ein Pausenkonzert \u2013 diesmal im XXL-Format!<\/strong> (Ein Beitrag von Frau Diepold.)<\/em><\/p>\n\n\n\n<figure class=\"is-layout-flex wp-block-gallery-1 wp-block-gallery aligncenter has-nested-images columns-default is-cropped\">\n<figure class=\"wp-block-image size-large\"><img decoding=\"async\" loading=\"lazy\" width=\"1024\" height=\"769\" data-id=\"4694\"  src=\"http:\/\/realnews-beilngries.de\/wp-content\/uploads\/2024\/08\/Pausenkonzert-I-1024x769.jpg\" alt=\"\" class=\"wp-image-4694\" srcset=\"http:\/\/realnews-beilngries.de\/wp-content\/uploads\/2024\/08\/Pausenkonzert-I-1024x769.jpg 1024w, http:\/\/realnews-beilngries.de\/wp-content\/uploads\/2024\/08\/Pausenkonzert-I-300x225.jpg 300w, http:\/\/realnews-beilngries.de\/wp-content\/uploads\/2024\/08\/Pausenkonzert-I-768x576.jpg 768w, http:\/\/realnews-beilngries.de\/wp-content\/uploads\/2024\/08\/Pausenkonzert-I-1536x1153.jpg 1536w, http:\/\/realnews-beilngries.de\/wp-content\/uploads\/2024\/08\/Pausenkonzert-I.jpg 1600w\" sizes=\"(max-width: 1024px) 100vw, 1024px\" \/><\/figure>\n\n\n\n<figure class=\"wp-block-image size-large\"><img decoding=\"async\" loading=\"lazy\" width=\"1024\" height=\"769\" data-id=\"4693\"  src=\"http:\/\/realnews-beilngries.de\/wp-content\/uploads\/2024\/08\/Pausenkonzert-II-1024x769.jpg\" alt=\"\" class=\"wp-image-4693\" srcset=\"http:\/\/realnews-beilngries.de\/wp-content\/uploads\/2024\/08\/Pausenkonzert-II-1024x769.jpg 1024w, http:\/\/realnews-beilngries.de\/wp-content\/uploads\/2024\/08\/Pausenkonzert-II-300x225.jpg 300w, http:\/\/realnews-beilngries.de\/wp-content\/uploads\/2024\/08\/Pausenkonzert-II-768x576.jpg 768w, http:\/\/realnews-beilngries.de\/wp-content\/uploads\/2024\/08\/Pausenkonzert-II-1536x1153.jpg 1536w, http:\/\/realnews-beilngries.de\/wp-content\/uploads\/2024\/08\/Pausenkonzert-II.jpg 2048w\" sizes=\"(max-width: 1024px) 100vw, 1024px\" \/><\/figure>\n<\/figure>\n\n\n\n<p>Auch am Schuljahresende wollten es sich die beiden BigBand-Klassen, die Schul-BigBand sowie die Schulband nicht nehmen lassen, die gesamte Schulfamilie in einem knapp 60-min\u00fctigen Programm mit ihren Songs zu begeistern.<\/p>\n\n\n\n<figure class=\"is-layout-flex wp-block-gallery-3 wp-block-gallery aligncenter has-nested-images columns-default is-cropped\">\n<figure class=\"wp-block-image size-large\"><img decoding=\"async\" loading=\"lazy\" width=\"769\" height=\"1024\" data-id=\"4695\"  src=\"http:\/\/realnews-beilngries.de\/wp-content\/uploads\/2024\/08\/Pausenkonzert-III-769x1024.jpg\" alt=\"\" class=\"wp-image-4695\" srcset=\"http:\/\/realnews-beilngries.de\/wp-content\/uploads\/2024\/08\/Pausenkonzert-III-769x1024.jpg 769w, http:\/\/realnews-beilngries.de\/wp-content\/uploads\/2024\/08\/Pausenkonzert-III-225x300.jpg 225w, http:\/\/realnews-beilngries.de\/wp-content\/uploads\/2024\/08\/Pausenkonzert-III-768x1023.jpg 768w, http:\/\/realnews-beilngries.de\/wp-content\/uploads\/2024\/08\/Pausenkonzert-III-1153x1536.jpg 1153w, http:\/\/realnews-beilngries.de\/wp-content\/uploads\/2024\/08\/Pausenkonzert-III.jpg 1201w\" sizes=\"(max-width: 769px) 100vw, 769px\" \/><\/figure>\n\n\n\n<figure class=\"wp-block-image size-large\"><img decoding=\"async\" loading=\"lazy\" width=\"1024\" height=\"769\" data-id=\"4696\"  src=\"http:\/\/realnews-beilngries.de\/wp-content\/uploads\/2024\/08\/Pausenkonzert-IV-1024x769.jpg\" alt=\"\" class=\"wp-image-4696\" srcset=\"http:\/\/realnews-beilngries.de\/wp-content\/uploads\/2024\/08\/Pausenkonzert-IV-1024x769.jpg 1024w, http:\/\/realnews-beilngries.de\/wp-content\/uploads\/2024\/08\/Pausenkonzert-IV-300x225.jpg 300w, http:\/\/realnews-beilngries.de\/wp-content\/uploads\/2024\/08\/Pausenkonzert-IV-768x576.jpg 768w, http:\/\/realnews-beilngries.de\/wp-content\/uploads\/2024\/08\/Pausenkonzert-IV-1536x1153.jpg 1536w, http:\/\/realnews-beilngries.de\/wp-content\/uploads\/2024\/08\/Pausenkonzert-IV.jpg 1600w\" sizes=\"(max-width: 1024px) 100vw, 1024px\" \/><\/figure>\n<\/figure>\n\n\n\n<p>Gelungen ist ihnen das in jedem Fall, was man am langanhaltenden Applaus und jubelnden Fanges\u00e4ngen feststellen konnte. Ob bekannte Gospel-Lieder, Rap-Hits von Eminem, Pop-Klassiker von Michael Jackson oder doch traditionell bayerische Kl\u00e4nge des \u201eB\u00f6hmischen Traums\u201c \u2013 f\u00fcr jeden Musikgeschmack war etwas dabei. Ein Hoch auf alle Musikerinnen und Musiker \u2013 und nat\u00fcrlich auf alle Fans!<\/p>\n\n\n\n<p>Eine Kleinigkeit, die alles andere als klein ist, soll hier allerdings nicht vergessen werden. Die beiden Organisatoren und Ensembleleiter, Frau Diepold und Herr Staudigl, hatten gro\u00dfe Unterst\u00fctzung vom Technik-Team, das federf\u00fchrend unter Jakob Schulz, Andreas Abend und Jakob Pscherer mit viel Leidenschaft am perfekten Klang der Veranstaltungen mitgewirkt hatte.<\/p>\n","protected":false},"excerpt":{"rendered":"<p>Wenn die Schulaula bis auf den letzten Platz gef\u00fcllt ist, gro\u00dfe und kleine Musikerinnen und Musiker ihre Instrumente aufbauen und Herr Staudigl und Frau Diepold<\/p>\n","protected":false},"author":19,"featured_media":4697,"comment_status":"open","ping_status":"open","sticky":false,"template":"","format":"standard","meta":[],"categories":[2],"tags":[40],"_links":{"self":[{"href":"http:\/\/realnews-beilngries.de\/index.php?rest_route=\/wp\/v2\/posts\/4692"}],"collection":[{"href":"http:\/\/realnews-beilngries.de\/index.php?rest_route=\/wp\/v2\/posts"}],"about":[{"href":"http:\/\/realnews-beilngries.de\/index.php?rest_route=\/wp\/v2\/types\/post"}],"author":[{"embeddable":true,"href":"http:\/\/realnews-beilngries.de\/index.php?rest_route=\/wp\/v2\/users\/19"}],"replies":[{"embeddable":true,"href":"http:\/\/realnews-beilngries.de\/index.php?rest_route=%2Fwp%2Fv2%2Fcomments&post=4692"}],"version-history":[{"count":3,"href":"http:\/\/realnews-beilngries.de\/index.php?rest_route=\/wp\/v2\/posts\/4692\/revisions"}],"predecessor-version":[{"id":4705,"href":"http:\/\/realnews-beilngries.de\/index.php?rest_route=\/wp\/v2\/posts\/4692\/revisions\/4705"}],"wp:featuredmedia":[{"embeddable":true,"href":"http:\/\/realnews-beilngries.de\/index.php?rest_route=\/wp\/v2\/media\/4697"}],"wp:attachment":[{"href":"http:\/\/realnews-beilngries.de\/index.php?rest_route=%2Fwp%2Fv2%2Fmedia&parent=4692"}],"wp:term":[{"taxonomy":"category","embeddable":true,"href":"http:\/\/realnews-beilngries.de\/index.php?rest_route=%2Fwp%2Fv2%2Fcategories&post=4692"},{"taxonomy":"post_tag","embeddable":true,"href":"http:\/\/realnews-beilngries.de\/index.php?rest_route=%2Fwp%2Fv2%2Ftags&post=4692"}],"curies":[{"name":"wp","href":"https:\/\/api.w.org\/{rel}","templated":true}]}}