{"id":4503,"date":"2024-05-02T14:46:08","date_gmt":"2024-05-02T12:46:08","guid":{"rendered":"http:\/\/realnews-beilngries.de\/?p=4503"},"modified":"2024-05-02T14:46:08","modified_gmt":"2024-05-02T12:46:08","slug":"kennenlern-tag-an-der-arb-2","status":"publish","type":"post","link":"http:\/\/realnews-beilngries.de\/?p=4503","title":{"rendered":"Kennenlern-Tag an der ARB!"},"content":{"rendered":"\n<p><strong><em>Am Freitag, dem 19.04., war es wieder soweit: An der ARB fand nachmittags zwischen 14.00 und 16.30 Uhr der allj\u00e4hrliche Kennenlern-Tag statt.<\/em><\/strong><em><strong> Unsere Schule \u00f6ffnete an diesem Tag ihre T\u00fcren und gew\u00e4hrte einen Einblick in das abwechslungsreiche Lern-Angebot des Pflicht- und Wahlunterrichts. So konnten sich interessierte gro\u00dfe und kleine G\u00e4ste Eindr\u00fccke direkt aus den Klassenzimmern holen und mit den Lehrkr\u00e4ften wie auch Sch\u00fclerinnen und Sch\u00fclern vor Ort ins Gespr\u00e4ch kommen:<\/strong><\/em><\/p>\n\n\n\n<figure class=\"is-layout-flex wp-block-gallery-1 wp-block-gallery has-nested-images columns-default is-cropped\">\n<figure class=\"wp-block-image size-large\"><img decoding=\"async\" loading=\"lazy\" width=\"1024\" height=\"769\" data-id=\"4506\"  src=\"http:\/\/realnews-beilngries.de\/wp-content\/uploads\/2024\/04\/P1100359-1024x769.jpg\" alt=\"\" class=\"wp-image-4506\" srcset=\"http:\/\/realnews-beilngries.de\/wp-content\/uploads\/2024\/04\/P1100359-1024x769.jpg 1024w, http:\/\/realnews-beilngries.de\/wp-content\/uploads\/2024\/04\/P1100359-300x225.jpg 300w, http:\/\/realnews-beilngries.de\/wp-content\/uploads\/2024\/04\/P1100359-768x577.jpg 768w, http:\/\/realnews-beilngries.de\/wp-content\/uploads\/2024\/04\/P1100359-1536x1153.jpg 1536w, http:\/\/realnews-beilngries.de\/wp-content\/uploads\/2024\/04\/P1100359-2048x1538.jpg 2048w\" sizes=\"(max-width: 1024px) 100vw, 1024px\" \/><\/figure>\n\n\n\n<figure class=\"wp-block-image size-large\"><img decoding=\"async\" loading=\"lazy\" width=\"769\" height=\"1024\" data-id=\"4505\"  src=\"http:\/\/realnews-beilngries.de\/wp-content\/uploads\/2024\/04\/P1100371-769x1024.jpg\" alt=\"\" class=\"wp-image-4505\" srcset=\"http:\/\/realnews-beilngries.de\/wp-content\/uploads\/2024\/04\/P1100371-769x1024.jpg 769w, http:\/\/realnews-beilngries.de\/wp-content\/uploads\/2024\/04\/P1100371-225x300.jpg 225w, http:\/\/realnews-beilngries.de\/wp-content\/uploads\/2024\/04\/P1100371-768x1023.jpg 768w, http:\/\/realnews-beilngries.de\/wp-content\/uploads\/2024\/04\/P1100371-1153x1536.jpg 1153w, http:\/\/realnews-beilngries.de\/wp-content\/uploads\/2024\/04\/P1100371-1538x2048.jpg 1538w, http:\/\/realnews-beilngries.de\/wp-content\/uploads\/2024\/04\/P1100371-scaled.jpg 1922w\" sizes=\"(max-width: 769px) 100vw, 769px\" \/><\/figure>\n\n\n\n<figure class=\"wp-block-image size-large\"><img decoding=\"async\" loading=\"lazy\" width=\"1024\" height=\"769\" data-id=\"4507\"  src=\"http:\/\/realnews-beilngries.de\/wp-content\/uploads\/2024\/04\/P1100375-1024x769.jpg\" alt=\"\" class=\"wp-image-4507\" srcset=\"http:\/\/realnews-beilngries.de\/wp-content\/uploads\/2024\/04\/P1100375-1024x769.jpg 1024w, http:\/\/realnews-beilngries.de\/wp-content\/uploads\/2024\/04\/P1100375-300x225.jpg 300w, http:\/\/realnews-beilngries.de\/wp-content\/uploads\/2024\/04\/P1100375-768x577.jpg 768w, http:\/\/realnews-beilngries.de\/wp-content\/uploads\/2024\/04\/P1100375-1536x1153.jpg 1536w, http:\/\/realnews-beilngries.de\/wp-content\/uploads\/2024\/04\/P1100375-2048x1538.jpg 2048w\" sizes=\"(max-width: 1024px) 100vw, 1024px\" \/><\/figure>\n\n\n\n<figure class=\"wp-block-image size-large\"><img decoding=\"async\" loading=\"lazy\" width=\"1024\" height=\"769\" data-id=\"4508\"  src=\"http:\/\/realnews-beilngries.de\/wp-content\/uploads\/2024\/04\/P1100416-1024x769.jpg\" alt=\"\" class=\"wp-image-4508\" srcset=\"http:\/\/realnews-beilngries.de\/wp-content\/uploads\/2024\/04\/P1100416-1024x769.jpg 1024w, http:\/\/realnews-beilngries.de\/wp-content\/uploads\/2024\/04\/P1100416-300x225.jpg 300w, http:\/\/realnews-beilngries.de\/wp-content\/uploads\/2024\/04\/P1100416-768x577.jpg 768w, http:\/\/realnews-beilngries.de\/wp-content\/uploads\/2024\/04\/P1100416-1536x1153.jpg 1536w, http:\/\/realnews-beilngries.de\/wp-content\/uploads\/2024\/04\/P1100416-2048x1538.jpg 2048w\" sizes=\"(max-width: 1024px) 100vw, 1024px\" \/><\/figure>\n\n\n\n<figure class=\"wp-block-image size-large\"><img decoding=\"async\" loading=\"lazy\" width=\"1024\" height=\"769\" data-id=\"4510\"  src=\"http:\/\/realnews-beilngries.de\/wp-content\/uploads\/2024\/04\/P1100438-1024x769.jpg\" alt=\"\" class=\"wp-image-4510\" srcset=\"http:\/\/realnews-beilngries.de\/wp-content\/uploads\/2024\/04\/P1100438-1024x769.jpg 1024w, http:\/\/realnews-beilngries.de\/wp-content\/uploads\/2024\/04\/P1100438-300x225.jpg 300w, http:\/\/realnews-beilngries.de\/wp-content\/uploads\/2024\/04\/P1100438-768x577.jpg 768w, http:\/\/realnews-beilngries.de\/wp-content\/uploads\/2024\/04\/P1100438-1536x1153.jpg 1536w, http:\/\/realnews-beilngries.de\/wp-content\/uploads\/2024\/04\/P1100438-2048x1538.jpg 2048w\" sizes=\"(max-width: 1024px) 100vw, 1024px\" \/><\/figure>\n\n\n\n<figure class=\"wp-block-image size-large\"><img decoding=\"async\" loading=\"lazy\" width=\"1024\" height=\"769\" data-id=\"4509\"  src=\"http:\/\/realnews-beilngries.de\/wp-content\/uploads\/2024\/04\/P1100467-1024x769.jpg\" alt=\"\" class=\"wp-image-4509\" srcset=\"http:\/\/realnews-beilngries.de\/wp-content\/uploads\/2024\/04\/P1100467-1024x769.jpg 1024w, http:\/\/realnews-beilngries.de\/wp-content\/uploads\/2024\/04\/P1100467-300x225.jpg 300w, http:\/\/realnews-beilngries.de\/wp-content\/uploads\/2024\/04\/P1100467-768x577.jpg 768w, http:\/\/realnews-beilngries.de\/wp-content\/uploads\/2024\/04\/P1100467-1536x1153.jpg 1536w, http:\/\/realnews-beilngries.de\/wp-content\/uploads\/2024\/04\/P1100467-2048x1538.jpg 2048w\" sizes=\"(max-width: 1024px) 100vw, 1024px\" \/><\/figure>\n<\/figure>\n\n\n\n<p>Einen genaueren Presse-Beitrag zum Kennlern-Tag findet ihr unter dem folgenden Link &#8211; der Donaukurier schaute \u00fcbrigens auch im Raum des Schulblog-Teams vorbei: \ud83d\ude09<\/p>\n\n\n\n<p><a href=\"https:\/\/www.donaukurier.de\/lokales\/landkreis-eichstaett\/beilngrieser-altmuehltal-realschule-gewaehrt-umfassende-einblicke-in-das-schulische-leben-15907251\">https:\/\/www.donaukurier.de\/lokales\/landkreis-eichstaett\/beilngrieser-altmuehltal-realschule-gewaehrt-umfassende-einblicke-in-das-schulische-leben-15907251<\/a><\/p>\n","protected":false},"excerpt":{"rendered":"<p>Am Freitag, dem 19.04., war es wieder soweit: An der ARB fand nachmittags zwischen 14.00 und 16.30 Uhr der allj\u00e4hrliche Kennenlern-Tag statt. Unsere Schule \u00f6ffnete<\/p>\n","protected":false},"author":19,"featured_media":4516,"comment_status":"open","ping_status":"open","sticky":false,"template":"","format":"standard","meta":[],"categories":[2],"tags":[162],"_links":{"self":[{"href":"http:\/\/realnews-beilngries.de\/index.php?rest_route=\/wp\/v2\/posts\/4503"}],"collection":[{"href":"http:\/\/realnews-beilngries.de\/index.php?rest_route=\/wp\/v2\/posts"}],"about":[{"href":"http:\/\/realnews-beilngries.de\/index.php?rest_route=\/wp\/v2\/types\/post"}],"author":[{"embeddable":true,"href":"http:\/\/realnews-beilngries.de\/index.php?rest_route=\/wp\/v2\/users\/19"}],"replies":[{"embeddable":true,"href":"http:\/\/realnews-beilngries.de\/index.php?rest_route=%2Fwp%2Fv2%2Fcomments&post=4503"}],"version-history":[{"count":3,"href":"http:\/\/realnews-beilngries.de\/index.php?rest_route=\/wp\/v2\/posts\/4503\/revisions"}],"predecessor-version":[{"id":4517,"href":"http:\/\/realnews-beilngries.de\/index.php?rest_route=\/wp\/v2\/posts\/4503\/revisions\/4517"}],"wp:featuredmedia":[{"embeddable":true,"href":"http:\/\/realnews-beilngries.de\/index.php?rest_route=\/wp\/v2\/media\/4516"}],"wp:attachment":[{"href":"http:\/\/realnews-beilngries.de\/index.php?rest_route=%2Fwp%2Fv2%2Fmedia&parent=4503"}],"wp:term":[{"taxonomy":"category","embeddable":true,"href":"http:\/\/realnews-beilngries.de\/index.php?rest_route=%2Fwp%2Fv2%2Fcategories&post=4503"},{"taxonomy":"post_tag","embeddable":true,"href":"http:\/\/realnews-beilngries.de\/index.php?rest_route=%2Fwp%2Fv2%2Ftags&post=4503"}],"curies":[{"name":"wp","href":"https:\/\/api.w.org\/{rel}","templated":true}]}}