{"id":3986,"date":"2023-10-27T10:27:37","date_gmt":"2023-10-27T08:27:37","guid":{"rendered":"http:\/\/realnews-beilngries.de\/?p=3986"},"modified":"2023-10-27T10:27:37","modified_gmt":"2023-10-27T08:27:37","slug":"arb-in-der-moschee","status":"publish","type":"post","link":"http:\/\/realnews-beilngries.de\/?p=3986","title":{"rendered":"ARB in der Moschee!"},"content":{"rendered":"\n<p><em><strong>Zu einer guten Tradition geworden ist mittlerweile der allj\u00e4hrliche Besuch der 7. Klassen in der Beilngrieser Moschee im Rahmen des Religionsunterrichts. Den Auftakt machte die Klasse 7c, die heuer als erste \u2013 bereits gewappnet mit einigem Wissen \u00fcber den Islam und vielen Fragen an die \u201eExperten\u201c \u2013 das muslimische Gotteshaus erkundete.<\/strong> (Ein Beitrag von Frau Schlampp.)<\/em><\/p>\n\n\n\n<p>Dort wurde sie bereits herzlich von Dilek \u00d6czan, selbst ehemalige Sch\u00fclerin der ARB, und dem Imam Coskun \u00d6zt\u00fcrk in Empfang genommen. Vor Ort konnte der pr\u00e4chtige Kronleuchter im Kuppeldach bewundert werden, ebenso wie der dicke orientalische Teppich, auf dem sich die Muslime zum Beten niederwerfen. Vor der h\u00f6lzernen Gebetsnische (Mihrab) erkl\u00e4rte uns Frau \u00d6zcan die f\u00fcnf S\u00e4ulen des Islam: das Glaubensbekenntnis, das f\u00fcnfmalige Gebet, das Fasten im Monat Ramadan, die Almosenspende und die Pilgerfahrt nach Mekka.<\/p>\n\n\n<div class=\"wp-block-image\">\n<figure class=\"aligncenter size-large is-resized\"><img decoding=\"async\" loading=\"lazy\" src=\"http:\/\/realnews-beilngries.de\/wp-content\/uploads\/2023\/10\/IMG_20231025_114856_215-766x1024.jpg\" alt=\"\" class=\"wp-image-3988\" width=\"505\" height=\"675\" srcset=\"http:\/\/realnews-beilngries.de\/wp-content\/uploads\/2023\/10\/IMG_20231025_114856_215-766x1024.jpg 766w, http:\/\/realnews-beilngries.de\/wp-content\/uploads\/2023\/10\/IMG_20231025_114856_215-224x300.jpg 224w, http:\/\/realnews-beilngries.de\/wp-content\/uploads\/2023\/10\/IMG_20231025_114856_215-768x1027.jpg 768w, http:\/\/realnews-beilngries.de\/wp-content\/uploads\/2023\/10\/IMG_20231025_114856_215-1149x1536.jpg 1149w, http:\/\/realnews-beilngries.de\/wp-content\/uploads\/2023\/10\/IMG_20231025_114856_215-1532x2048.jpg 1532w, http:\/\/realnews-beilngries.de\/wp-content\/uploads\/2023\/10\/IMG_20231025_114856_215-scaled.jpg 1915w\" sizes=\"(max-width: 505px) 100vw, 505px\" \/><\/figure><\/div>\n\n\n<p>Sein fundiertes Expertenwissen gab auch Imam \u00d6zt\u00fcrk weiter und wies die Sch\u00fclerinnen und Sch\u00fcler darauf hin, dass Christentum und Islam viele Gemeinsamkeiten teilen, wie z. B. den Glauben an viele alttestamentliche Propheten. Erstaunt erfuhren wir, dass auch Jesus (Isa) und Maria (Maryam) eine wichtige Rolle im Islam spielen. Wie im Flug verging die Stunde und h\u00e4tten nicht kurz nach 13 Uhr schon die Busse f\u00fcr die Heimfahrt an der Schule gewartet, w\u00fcrde die 7c wahrscheinlich immer noch auf dem Teppich sitzen und weiter Fragen stellen. Te\u015fekk\u00fcr ederim \u2013 vielen Dank, liebe Frau \u00d6zcan und lieber Herr \u00d6zt\u00fcrk f\u00fcr Ihre Bereitschaft, die Tore zur Moschee immer wieder f\u00fcr die ARB zu \u00f6ffnen.<\/p>\n","protected":false},"excerpt":{"rendered":"<p>Zu einer guten Tradition geworden ist mittlerweile der allj\u00e4hrliche Besuch der 7. Klassen in der Beilngrieser Moschee im Rahmen des Religionsunterrichts. Den Auftakt machte die<\/p>\n","protected":false},"author":19,"featured_media":3987,"comment_status":"open","ping_status":"open","sticky":false,"template":"","format":"standard","meta":[],"categories":[6],"tags":[163],"_links":{"self":[{"href":"http:\/\/realnews-beilngries.de\/index.php?rest_route=\/wp\/v2\/posts\/3986"}],"collection":[{"href":"http:\/\/realnews-beilngries.de\/index.php?rest_route=\/wp\/v2\/posts"}],"about":[{"href":"http:\/\/realnews-beilngries.de\/index.php?rest_route=\/wp\/v2\/types\/post"}],"author":[{"embeddable":true,"href":"http:\/\/realnews-beilngries.de\/index.php?rest_route=\/wp\/v2\/users\/19"}],"replies":[{"embeddable":true,"href":"http:\/\/realnews-beilngries.de\/index.php?rest_route=%2Fwp%2Fv2%2Fcomments&post=3986"}],"version-history":[{"count":1,"href":"http:\/\/realnews-beilngries.de\/index.php?rest_route=\/wp\/v2\/posts\/3986\/revisions"}],"predecessor-version":[{"id":3989,"href":"http:\/\/realnews-beilngries.de\/index.php?rest_route=\/wp\/v2\/posts\/3986\/revisions\/3989"}],"wp:featuredmedia":[{"embeddable":true,"href":"http:\/\/realnews-beilngries.de\/index.php?rest_route=\/wp\/v2\/media\/3987"}],"wp:attachment":[{"href":"http:\/\/realnews-beilngries.de\/index.php?rest_route=%2Fwp%2Fv2%2Fmedia&parent=3986"}],"wp:term":[{"taxonomy":"category","embeddable":true,"href":"http:\/\/realnews-beilngries.de\/index.php?rest_route=%2Fwp%2Fv2%2Fcategories&post=3986"},{"taxonomy":"post_tag","embeddable":true,"href":"http:\/\/realnews-beilngries.de\/index.php?rest_route=%2Fwp%2Fv2%2Ftags&post=3986"}],"curies":[{"name":"wp","href":"https:\/\/api.w.org\/{rel}","templated":true}]}}