{"id":3856,"date":"2023-07-21T09:22:57","date_gmt":"2023-07-21T07:22:57","guid":{"rendered":"http:\/\/realnews-beilngries.de\/?p=3856"},"modified":"2023-07-21T10:45:11","modified_gmt":"2023-07-21T08:45:11","slug":"das-kuenstlerische-kalenderblatt-im-juli-von-julie","status":"publish","type":"post","link":"http:\/\/realnews-beilngries.de\/?p=3856","title":{"rendered":"Das k\u00fcnstlerische Kalenderblatt &#8211; im Juli, von Julie!"},"content":{"rendered":"\n<p>Hallo zusammen!<\/p>\n\n\n\n<p>So, jetzt habe ich mich schon ziemlich lange nicht mehr gemeldet. In letzter Zeit war ziemlich viel los bei mir und ja &#8211; ich hab&#8217;s nicht so mit Struktur. Das mag jetzt nach einer lahmen Ausrede klingen, doch zu meiner Verteidigung: Das hier ist &#8222;mein&#8220; erster Blog. Ich hab mir zwar davor Gedanken gemacht, doch ich hatte keine Ahnung, wie es schlussendlich sein wird, &#8222;regelm\u00e4\u00dfig &#8220; etwas zu posten. Tja, und dann dachte ich mir eben: &#8222;Probieren geht \u00fcber studieren&#8220; und hab einfach mal losgelegt. Allerdings habe ich gemerkt, dass das momentan nicht so mein Ding ist. Aus diesem Grund gibt es jetzt mein letztes Bild f\u00fcr euch.<\/p>\n\n\n<div class=\"wp-block-image\">\n<figure class=\"aligncenter size-large is-resized\"><img decoding=\"async\" loading=\"lazy\" src=\"http:\/\/realnews-beilngries.de\/wp-content\/uploads\/2023\/07\/Kalenderblatt-708x1024.jpeg\" alt=\"\" class=\"wp-image-3857\" width=\"481\" height=\"696\" srcset=\"http:\/\/realnews-beilngries.de\/wp-content\/uploads\/2023\/07\/Kalenderblatt-708x1024.jpeg 708w, http:\/\/realnews-beilngries.de\/wp-content\/uploads\/2023\/07\/Kalenderblatt-208x300.jpeg 208w, http:\/\/realnews-beilngries.de\/wp-content\/uploads\/2023\/07\/Kalenderblatt-768x1110.jpeg 768w, http:\/\/realnews-beilngries.de\/wp-content\/uploads\/2023\/07\/Kalenderblatt-1063x1536.jpeg 1063w, http:\/\/realnews-beilngries.de\/wp-content\/uploads\/2023\/07\/Kalenderblatt-1417x2048.jpeg 1417w, http:\/\/realnews-beilngries.de\/wp-content\/uploads\/2023\/07\/Kalenderblatt-scaled.jpeg 1771w\" sizes=\"(max-width: 481px) 100vw, 481px\" \/><\/figure><\/div>\n\n\n<p>Da wir ja inzwischen schon Ende Juli haben und sich die Temperaturen gn\u00e4digerweise auch danach richten, musste das nat\u00fcrlich auch in meine Zeichnung mit einflie\u00dfen &#8211; dank dieser ich \u00fcbrigens auch gelernt habe, Wasser zu malen. Man lernt nie aus \ud83d\ude09 Das h\u00fcbsche Bikinim\u00e4dchen (ja, ich wei\u00df, es ist ein Badeanzug) genie\u00dft gerade die k\u00fchlen Wellen auf ihrer Haut, w\u00e4hrend die hei\u00dfe Sommersonne auf sie herabscheint. Was gibt es Sch\u00f6neres? F\u00fcr mich pers\u00f6nlich ist der Sommer ja meine Lieblingsjahreszeit. Sonnenschein, Eis schlecken, Sommergewitter, Schwimmen gehen, Ferien, Urlaub \u2013 all das geh\u00f6rt f\u00fcr mich zum Sommer. Es gibt ja auch die ganz speziellen Sommerger\u00fcche, wie zum Beispiel frisch gem\u00e4hter Rasen, Chlor und Freibad-Pommes. Da hat jeder seine eigenen Vorstellungen. Was verbindet ihr mit dem Sommer? Das Beste ist ja, dass all das schon ist und ja noch kommt. Die gro\u00dfen Ferien stehen vor der T\u00fcr und somit viel Zeit, sich wieder ein bisschen zu erholen. Egal, was ihr geplant habt, ich hoffe, ihr k\u00f6nnt euch so wie ich entspannen und Neues erleben.<\/p>\n\n\n\n<p>Jetzt m\u00f6chte ich mich bei allen bedanken, die meine Beitr\u00e4ge gelesen und hoffentlich mit Freude angesehen haben. Mein Dank geht nat\u00fcrlich auch an meinen ehemaligen Deutschlehrer Herrn Basel, der mir das hier alles erm\u00f6glicht hat und ohne den ich niemals die Erfahrung gemacht h\u00e4tte, Zeichnungen zu posten. Ich hoffe, ich konnte euch mit meinem Hobby ein L\u00e4cheln ins Gesicht zaubern und vielleicht auch dazu motivieren, euer eigenes Ding auszuprobieren.<\/p>\n\n\n\n<p>Genie\u00dft eure Ferien! \ud83d\ude09<\/p>\n\n\n\n<p>Eure Julie<\/p>\n","protected":false},"excerpt":{"rendered":"<p>Hallo zusammen! So, jetzt habe ich mich schon ziemlich lange nicht mehr gemeldet. In letzter Zeit war ziemlich viel los bei mir und ja &#8211;<\/p>\n","protected":false},"author":19,"featured_media":3861,"comment_status":"open","ping_status":"open","sticky":false,"template":"","format":"standard","meta":[],"categories":[2],"tags":[195],"_links":{"self":[{"href":"http:\/\/realnews-beilngries.de\/index.php?rest_route=\/wp\/v2\/posts\/3856"}],"collection":[{"href":"http:\/\/realnews-beilngries.de\/index.php?rest_route=\/wp\/v2\/posts"}],"about":[{"href":"http:\/\/realnews-beilngries.de\/index.php?rest_route=\/wp\/v2\/types\/post"}],"author":[{"embeddable":true,"href":"http:\/\/realnews-beilngries.de\/index.php?rest_route=\/wp\/v2\/users\/19"}],"replies":[{"embeddable":true,"href":"http:\/\/realnews-beilngries.de\/index.php?rest_route=%2Fwp%2Fv2%2Fcomments&post=3856"}],"version-history":[{"count":1,"href":"http:\/\/realnews-beilngries.de\/index.php?rest_route=\/wp\/v2\/posts\/3856\/revisions"}],"predecessor-version":[{"id":3858,"href":"http:\/\/realnews-beilngries.de\/index.php?rest_route=\/wp\/v2\/posts\/3856\/revisions\/3858"}],"wp:featuredmedia":[{"embeddable":true,"href":"http:\/\/realnews-beilngries.de\/index.php?rest_route=\/wp\/v2\/media\/3861"}],"wp:attachment":[{"href":"http:\/\/realnews-beilngries.de\/index.php?rest_route=%2Fwp%2Fv2%2Fmedia&parent=3856"}],"wp:term":[{"taxonomy":"category","embeddable":true,"href":"http:\/\/realnews-beilngries.de\/index.php?rest_route=%2Fwp%2Fv2%2Fcategories&post=3856"},{"taxonomy":"post_tag","embeddable":true,"href":"http:\/\/realnews-beilngries.de\/index.php?rest_route=%2Fwp%2Fv2%2Ftags&post=3856"}],"curies":[{"name":"wp","href":"https:\/\/api.w.org\/{rel}","templated":true}]}}