{"id":3708,"date":"2023-04-25T14:03:37","date_gmt":"2023-04-25T12:03:37","guid":{"rendered":"http:\/\/realnews-beilngries.de\/?p=3708"},"modified":"2023-04-25T14:03:37","modified_gmt":"2023-04-25T12:03:37","slug":"wandertag-der-klassen-6b-und-8b-zum-fc-bayern","status":"publish","type":"post","link":"http:\/\/realnews-beilngries.de\/?p=3708","title":{"rendered":"Wandertag der Klassen 6B und 8B zum FC Bayern!"},"content":{"rendered":"\n<p><em><strong>Was f\u00fcr ein cooler Wandertag! Sich einmal f\u00fchlen wie Tuchel &amp; Co., das wurde den Sch\u00fclern der Klassen 6B und 8B heute auf ihrem Wandertag in der Allianz-Arena erm\u00f6glicht<\/strong><\/em>&#8230;<\/p>\n\n\n<div class=\"wp-block-image\">\n<figure class=\"aligncenter size-full\"><img decoding=\"async\" loading=\"lazy\" width=\"1024\" height=\"768\" src=\"http:\/\/realnews-beilngries.de\/wp-content\/uploads\/2023\/04\/6b.jpg\" alt=\"\" class=\"wp-image-3709\" srcset=\"http:\/\/realnews-beilngries.de\/wp-content\/uploads\/2023\/04\/6b.jpg 1024w, http:\/\/realnews-beilngries.de\/wp-content\/uploads\/2023\/04\/6b-300x225.jpg 300w, http:\/\/realnews-beilngries.de\/wp-content\/uploads\/2023\/04\/6b-768x576.jpg 768w\" sizes=\"(max-width: 1024px) 100vw, 1024px\" \/><figcaption class=\"wp-element-caption\">Das Team der 6B&#8230;<\/figcaption><\/figure><\/div>\n\n<div class=\"wp-block-image\">\n<figure class=\"aligncenter size-full\"><img decoding=\"async\" loading=\"lazy\" width=\"1024\" height=\"768\" src=\"http:\/\/realnews-beilngries.de\/wp-content\/uploads\/2023\/04\/8b.jpg\" alt=\"\" class=\"wp-image-3710\" srcset=\"http:\/\/realnews-beilngries.de\/wp-content\/uploads\/2023\/04\/8b.jpg 1024w, http:\/\/realnews-beilngries.de\/wp-content\/uploads\/2023\/04\/8b-300x225.jpg 300w, http:\/\/realnews-beilngries.de\/wp-content\/uploads\/2023\/04\/8b-768x576.jpg 768w\" sizes=\"(max-width: 1024px) 100vw, 1024px\" \/><figcaption class=\"wp-element-caption\">&#8230;und das der 8B auf dem &#8222;heiligen Rasen&#8220; der Allianz-Arena.<\/figcaption><\/figure><\/div>\n\n\n<p>Eine Schnitzeljagd und F\u00fchrung durch das FC Bayern-Museum gaben Aufschluss \u00fcber die Entstehung des Vereins. Au\u00dferdem konnten s\u00e4mtliche Gewinne aus Meisterschaften sowie lebensgro\u00dfe Spielerfiguren bestaunt werden. Respekt, Fairplay und Teamgeist: Das gilt hoffentlich nicht nur beim FC Bayern!<\/p>\n\n\n<div class=\"wp-block-image\">\n<figure class=\"aligncenter size-full\"><img decoding=\"async\" loading=\"lazy\" width=\"1024\" height=\"388\" src=\"http:\/\/realnews-beilngries.de\/wp-content\/uploads\/2023\/04\/Innenraum.jpg\" alt=\"\" class=\"wp-image-3711\" srcset=\"http:\/\/realnews-beilngries.de\/wp-content\/uploads\/2023\/04\/Innenraum.jpg 1024w, http:\/\/realnews-beilngries.de\/wp-content\/uploads\/2023\/04\/Innenraum-300x114.jpg 300w, http:\/\/realnews-beilngries.de\/wp-content\/uploads\/2023\/04\/Innenraum-768x291.jpg 768w\" sizes=\"(max-width: 1024px) 100vw, 1024px\" \/><figcaption class=\"wp-element-caption\">Der Innenraum der Allianz-Arena.<\/figcaption><\/figure><\/div>\n\n<div class=\"wp-block-image\">\n<figure class=\"aligncenter size-full\"><img decoding=\"async\" loading=\"lazy\" width=\"1024\" height=\"768\" src=\"http:\/\/realnews-beilngries.de\/wp-content\/uploads\/2023\/04\/Bankdruecker.jpg\" alt=\"\" class=\"wp-image-3713\" srcset=\"http:\/\/realnews-beilngries.de\/wp-content\/uploads\/2023\/04\/Bankdruecker.jpg 1024w, http:\/\/realnews-beilngries.de\/wp-content\/uploads\/2023\/04\/Bankdruecker-300x225.jpg 300w, http:\/\/realnews-beilngries.de\/wp-content\/uploads\/2023\/04\/Bankdruecker-768x576.jpg 768w\" sizes=\"(max-width: 1024px) 100vw, 1024px\" \/><figcaption class=\"wp-element-caption\">Die neuen &#8222;Bankdr\u00fccker&#8220; des FCB! \ud83d\ude09<\/figcaption><\/figure><\/div>","protected":false},"excerpt":{"rendered":"<p>Was f\u00fcr ein cooler Wandertag! Sich einmal f\u00fchlen wie Tuchel &amp; Co., das wurde den Sch\u00fclern der Klassen 6B und 8B heute auf ihrem Wandertag<\/p>\n","protected":false},"author":19,"featured_media":3714,"comment_status":"open","ping_status":"open","sticky":false,"template":"","format":"standard","meta":[],"categories":[6],"tags":[204],"_links":{"self":[{"href":"http:\/\/realnews-beilngries.de\/index.php?rest_route=\/wp\/v2\/posts\/3708"}],"collection":[{"href":"http:\/\/realnews-beilngries.de\/index.php?rest_route=\/wp\/v2\/posts"}],"about":[{"href":"http:\/\/realnews-beilngries.de\/index.php?rest_route=\/wp\/v2\/types\/post"}],"author":[{"embeddable":true,"href":"http:\/\/realnews-beilngries.de\/index.php?rest_route=\/wp\/v2\/users\/19"}],"replies":[{"embeddable":true,"href":"http:\/\/realnews-beilngries.de\/index.php?rest_route=%2Fwp%2Fv2%2Fcomments&post=3708"}],"version-history":[{"count":1,"href":"http:\/\/realnews-beilngries.de\/index.php?rest_route=\/wp\/v2\/posts\/3708\/revisions"}],"predecessor-version":[{"id":3715,"href":"http:\/\/realnews-beilngries.de\/index.php?rest_route=\/wp\/v2\/posts\/3708\/revisions\/3715"}],"wp:featuredmedia":[{"embeddable":true,"href":"http:\/\/realnews-beilngries.de\/index.php?rest_route=\/wp\/v2\/media\/3714"}],"wp:attachment":[{"href":"http:\/\/realnews-beilngries.de\/index.php?rest_route=%2Fwp%2Fv2%2Fmedia&parent=3708"}],"wp:term":[{"taxonomy":"category","embeddable":true,"href":"http:\/\/realnews-beilngries.de\/index.php?rest_route=%2Fwp%2Fv2%2Fcategories&post=3708"},{"taxonomy":"post_tag","embeddable":true,"href":"http:\/\/realnews-beilngries.de\/index.php?rest_route=%2Fwp%2Fv2%2Ftags&post=3708"}],"curies":[{"name":"wp","href":"https:\/\/api.w.org\/{rel}","templated":true}]}}