{"id":3676,"date":"2023-03-30T16:40:59","date_gmt":"2023-03-30T14:40:59","guid":{"rendered":"http:\/\/realnews-beilngries.de\/?p=3676"},"modified":"2023-03-30T16:40:59","modified_gmt":"2023-03-30T14:40:59","slug":"gesund-und-lecker-das-passt-zusammen","status":"publish","type":"post","link":"http:\/\/realnews-beilngries.de\/?p=3676","title":{"rendered":"<strong>Gesund und lecker \u2013 das passt zusammen!<\/strong>"},"content":{"rendered":"\n<p><em><strong>In der letzten Biologiestunde vor den Osterferien fand in der Klasse 5c ein gesundes Fr\u00fchst\u00fcck statt. Da sich die Sch\u00fclerinnen und Sch\u00fcler im Unterricht ausf\u00fchrlich mit dem Thema \u201eGesundheit und Fitness\u201c besch\u00e4ftigt hatten, sollte ein gemeinsames leckeres Essen einen gelungenen Abschluss dieser Lerneinheit darstellen.<\/strong> (Ein Beitrag von Frau Knon.)<\/em><\/p>\n\n\n<div class=\"wp-block-image\">\n<figure class=\"aligncenter size-full is-resized\"><img decoding=\"async\" loading=\"lazy\" src=\"http:\/\/realnews-beilngries.de\/wp-content\/uploads\/2023\/03\/Bild2-2.jpg\" alt=\"\" class=\"wp-image-3678\" width=\"605\" height=\"616\" srcset=\"http:\/\/realnews-beilngries.de\/wp-content\/uploads\/2023\/03\/Bild2-2.jpg 716w, http:\/\/realnews-beilngries.de\/wp-content\/uploads\/2023\/03\/Bild2-2-295x300.jpg 295w\" sizes=\"(max-width: 605px) 100vw, 605px\" \/><figcaption class=\"wp-element-caption\">Bei der Auswahl wird jedes Hotel-Buffet neidisch&#8230; \ud83d\ude09<\/figcaption><\/figure><\/div>\n\n\n<p>Alle Kinder hatten sich bereit erkl\u00e4rt, etwas mitzubringen, was selbst gemacht wird, aus der Region kommt und\/oder Bioqualit\u00e4t besitzt. Einige Sch\u00fclerinnen und Sch\u00fcler nahmen selbstgebackene Dinkelbrezen, Vollkornsemmeln und frisches Brot mit. Andere kreierten verschiedenste Obst- und Gem\u00fcsespie\u00dfe. Milch und Joghurt wurde vom Bauern aus dem Dorf besorgt. Die (Oster-)Eier kamen selbstverst\u00e4ndlich von den eigenen H\u00fchnern. Haferflocken wurden mit einer Flockenquetsche selbst hergestellt und die Waln\u00fcsse f\u00fcrs M\u00fcsli kamen vom eigenen Walnussbaum im Garten.<\/p>\n\n\n\n<figure class=\"is-layout-flex wp-block-gallery-1 wp-block-gallery has-nested-images columns-default is-cropped\">\n<figure class=\"wp-block-image size-large\"><img decoding=\"async\" loading=\"lazy\" width=\"636\" height=\"477\" data-id=\"3681\"  src=\"http:\/\/realnews-beilngries.de\/wp-content\/uploads\/2023\/03\/Bild3-2.jpg\" alt=\"\" class=\"wp-image-3681\" srcset=\"http:\/\/realnews-beilngries.de\/wp-content\/uploads\/2023\/03\/Bild3-2.jpg 636w, http:\/\/realnews-beilngries.de\/wp-content\/uploads\/2023\/03\/Bild3-2-300x225.jpg 300w\" sizes=\"(max-width: 636px) 100vw, 636px\" \/><\/figure>\n\n\n\n<figure class=\"wp-block-image size-large\"><img decoding=\"async\" loading=\"lazy\" width=\"702\" height=\"526\" data-id=\"3679\"  src=\"http:\/\/realnews-beilngries.de\/wp-content\/uploads\/2023\/03\/Bild4-2.jpg\" alt=\"\" class=\"wp-image-3679\" srcset=\"http:\/\/realnews-beilngries.de\/wp-content\/uploads\/2023\/03\/Bild4-2.jpg 702w, http:\/\/realnews-beilngries.de\/wp-content\/uploads\/2023\/03\/Bild4-2-300x225.jpg 300w\" sizes=\"(max-width: 702px) 100vw, 702px\" \/><\/figure>\n\n\n\n<figure class=\"wp-block-image size-large\"><img decoding=\"async\" loading=\"lazy\" width=\"626\" height=\"469\" data-id=\"3680\"  src=\"http:\/\/realnews-beilngries.de\/wp-content\/uploads\/2023\/03\/Bild5-1.jpg\" alt=\"\" class=\"wp-image-3680\" srcset=\"http:\/\/realnews-beilngries.de\/wp-content\/uploads\/2023\/03\/Bild5-1.jpg 626w, http:\/\/realnews-beilngries.de\/wp-content\/uploads\/2023\/03\/Bild5-1-300x225.jpg 300w\" sizes=\"(max-width: 626px) 100vw, 626px\" \/><\/figure>\n<\/figure>\n\n\n\n<p>Das reichliche und bunte Buffet wurde im Sch\u00fcler Caf\u00e9 aufgebaut. Mit gro\u00dfem Appetit f\u00fcllten sich die Kinder ihre Teller und verspeisten gemeinsam die Leckereien.<\/p>\n\n\n<div class=\"wp-block-image\">\n<figure class=\"aligncenter size-full\"><img decoding=\"async\" loading=\"lazy\" width=\"757\" height=\"568\" src=\"http:\/\/realnews-beilngries.de\/wp-content\/uploads\/2023\/03\/Bild6.jpg\" alt=\"\" class=\"wp-image-3677\" srcset=\"http:\/\/realnews-beilngries.de\/wp-content\/uploads\/2023\/03\/Bild6.jpg 757w, http:\/\/realnews-beilngries.de\/wp-content\/uploads\/2023\/03\/Bild6-300x225.jpg 300w\" sizes=\"(max-width: 757px) 100vw, 757px\" \/><\/figure><\/div>\n\n\n<p>Zum Schluss waren sich alle einig &#8211; ein ausgewogenes und gesundes Fr\u00fchst\u00fcck ist richtig lecker! So k\u00f6nnte jeder Schultag beginnen \u2013 so die einhellige Meinung der Kinder!<\/p>\n","protected":false},"excerpt":{"rendered":"<p>In der letzten Biologiestunde vor den Osterferien fand in der Klasse 5c ein gesundes Fr\u00fchst\u00fcck statt. Da sich die Sch\u00fclerinnen und Sch\u00fcler im Unterricht ausf\u00fchrlich<\/p>\n","protected":false},"author":19,"featured_media":3682,"comment_status":"open","ping_status":"open","sticky":false,"template":"","format":"standard","meta":[],"categories":[5],"tags":[202],"_links":{"self":[{"href":"http:\/\/realnews-beilngries.de\/index.php?rest_route=\/wp\/v2\/posts\/3676"}],"collection":[{"href":"http:\/\/realnews-beilngries.de\/index.php?rest_route=\/wp\/v2\/posts"}],"about":[{"href":"http:\/\/realnews-beilngries.de\/index.php?rest_route=\/wp\/v2\/types\/post"}],"author":[{"embeddable":true,"href":"http:\/\/realnews-beilngries.de\/index.php?rest_route=\/wp\/v2\/users\/19"}],"replies":[{"embeddable":true,"href":"http:\/\/realnews-beilngries.de\/index.php?rest_route=%2Fwp%2Fv2%2Fcomments&post=3676"}],"version-history":[{"count":2,"href":"http:\/\/realnews-beilngries.de\/index.php?rest_route=\/wp\/v2\/posts\/3676\/revisions"}],"predecessor-version":[{"id":3684,"href":"http:\/\/realnews-beilngries.de\/index.php?rest_route=\/wp\/v2\/posts\/3676\/revisions\/3684"}],"wp:featuredmedia":[{"embeddable":true,"href":"http:\/\/realnews-beilngries.de\/index.php?rest_route=\/wp\/v2\/media\/3682"}],"wp:attachment":[{"href":"http:\/\/realnews-beilngries.de\/index.php?rest_route=%2Fwp%2Fv2%2Fmedia&parent=3676"}],"wp:term":[{"taxonomy":"category","embeddable":true,"href":"http:\/\/realnews-beilngries.de\/index.php?rest_route=%2Fwp%2Fv2%2Fcategories&post=3676"},{"taxonomy":"post_tag","embeddable":true,"href":"http:\/\/realnews-beilngries.de\/index.php?rest_route=%2Fwp%2Fv2%2Ftags&post=3676"}],"curies":[{"name":"wp","href":"https:\/\/api.w.org\/{rel}","templated":true}]}}