{"id":3633,"date":"2023-03-20T08:20:26","date_gmt":"2023-03-20T07:20:26","guid":{"rendered":"http:\/\/realnews-beilngries.de\/?p=3633"},"modified":"2023-03-20T08:20:26","modified_gmt":"2023-03-20T07:20:26","slug":"das-kuenstlerische-kalenderblatt-von-und-mit-julie","status":"publish","type":"post","link":"http:\/\/realnews-beilngries.de\/?p=3633","title":{"rendered":"Das k\u00fcnstlerische Kalenderblatt &#8211; von und mit Julie!"},"content":{"rendered":"\n<p><em><strong>Servus alle miteinander. Dieses Mal habe ich \u2013 wie ich finde \u2013 ein sehr aufw\u00e4ndiges und etwas verr\u00fccktes Bild f\u00fcr euch gemalt. Doch ich finde, die Arbeit hat sich gelohnt\u2026<\/strong><\/em><\/p>\n\n\n\n<p>Erst bei genauerem Hinsehen kann man die vielen Details richtig erkennen. Na, wisst ihr schon, worum es geht? Genau, Alice im Wunderland ist mein heute auserw\u00e4hltes Thema. Schon allein am Umriss kann man das M\u00e4dchen erkennen. Doch heute erz\u00e4hle ich mal nicht so viel zu meiner Zeichnung, damit ihr euch ein ganz eigenes Bild davon machen k\u00f6nnt. Denn wie auch in der Alice-Geschichte, habe ich hier viel Fantasie mit eingebunden.<\/p>\n\n\n<div class=\"wp-block-image\">\n<figure class=\"aligncenter size-large\"><img decoding=\"async\" loading=\"lazy\" width=\"633\" height=\"1024\" src=\"http:\/\/realnews-beilngries.de\/wp-content\/uploads\/2023\/03\/20230317_091543-633x1024.jpg\" alt=\"\" class=\"wp-image-3634\" srcset=\"http:\/\/realnews-beilngries.de\/wp-content\/uploads\/2023\/03\/20230317_091543-633x1024.jpg 633w, http:\/\/realnews-beilngries.de\/wp-content\/uploads\/2023\/03\/20230317_091543-185x300.jpg 185w, http:\/\/realnews-beilngries.de\/wp-content\/uploads\/2023\/03\/20230317_091543-768x1243.jpg 768w, http:\/\/realnews-beilngries.de\/wp-content\/uploads\/2023\/03\/20230317_091543-949x1536.jpg 949w, http:\/\/realnews-beilngries.de\/wp-content\/uploads\/2023\/03\/20230317_091543-1266x2048.jpg 1266w, http:\/\/realnews-beilngries.de\/wp-content\/uploads\/2023\/03\/20230317_091543-scaled.jpg 1582w\" sizes=\"(max-width: 633px) 100vw, 633px\" \/><\/figure><\/div>\n\n\n<p>Ihr fragt euch vielleicht, warum ich ausgerechnet eine vertr\u00e4umte literarische Figur gezeichnet habe. Daf\u00fcr gibt es gleich mehrere Gr\u00fcnde:<\/p>\n\n\n\n<ol type=\"1\">\n<li>Da vor kurzem Faschingsferien waren, dachte ich mir, dass Karneval\/Fasching und so ein Wunderland viel gemeinsam haben (bunt, verr\u00fcckt, aufregend) und man sich au\u00dferdem prima als Alice verkleiden kann.<\/li>\n\n\n\n<li>Im kommenden April darf ich als Schauspielerin im Berchinger Theater mitspielen. Ihr seid herzlich willkommen, die Premiere findet am 15.04. um 18 Uhr in der Kulturhalle statt. Und nun ratet mal, welches St\u00fcck wir spielen\u2026 \ud83d\ude09 Ich w\u00fcrde mich freuen, wenn wir uns dort sehen.<\/li>\n<\/ol>\n\n\n\n<p>Das war\u00b4s f\u00fcr dieses Mal von mir. Bis demn\u00e4chst und bye bye,<\/p>\n\n\n\n<p>Eure Julie<\/p>\n","protected":false},"excerpt":{"rendered":"<p>Servus alle miteinander. Dieses Mal habe ich \u2013 wie ich finde \u2013 ein sehr aufw\u00e4ndiges und etwas verr\u00fccktes Bild f\u00fcr euch gemalt. Doch ich finde,<\/p>\n","protected":false},"author":19,"featured_media":3635,"comment_status":"open","ping_status":"open","sticky":false,"template":"","format":"standard","meta":[],"categories":[2],"tags":[195],"_links":{"self":[{"href":"http:\/\/realnews-beilngries.de\/index.php?rest_route=\/wp\/v2\/posts\/3633"}],"collection":[{"href":"http:\/\/realnews-beilngries.de\/index.php?rest_route=\/wp\/v2\/posts"}],"about":[{"href":"http:\/\/realnews-beilngries.de\/index.php?rest_route=\/wp\/v2\/types\/post"}],"author":[{"embeddable":true,"href":"http:\/\/realnews-beilngries.de\/index.php?rest_route=\/wp\/v2\/users\/19"}],"replies":[{"embeddable":true,"href":"http:\/\/realnews-beilngries.de\/index.php?rest_route=%2Fwp%2Fv2%2Fcomments&post=3633"}],"version-history":[{"count":1,"href":"http:\/\/realnews-beilngries.de\/index.php?rest_route=\/wp\/v2\/posts\/3633\/revisions"}],"predecessor-version":[{"id":3636,"href":"http:\/\/realnews-beilngries.de\/index.php?rest_route=\/wp\/v2\/posts\/3633\/revisions\/3636"}],"wp:featuredmedia":[{"embeddable":true,"href":"http:\/\/realnews-beilngries.de\/index.php?rest_route=\/wp\/v2\/media\/3635"}],"wp:attachment":[{"href":"http:\/\/realnews-beilngries.de\/index.php?rest_route=%2Fwp%2Fv2%2Fmedia&parent=3633"}],"wp:term":[{"taxonomy":"category","embeddable":true,"href":"http:\/\/realnews-beilngries.de\/index.php?rest_route=%2Fwp%2Fv2%2Fcategories&post=3633"},{"taxonomy":"post_tag","embeddable":true,"href":"http:\/\/realnews-beilngries.de\/index.php?rest_route=%2Fwp%2Fv2%2Ftags&post=3633"}],"curies":[{"name":"wp","href":"https:\/\/api.w.org\/{rel}","templated":true}]}}