{"id":3608,"date":"2023-03-09T18:18:01","date_gmt":"2023-03-09T17:18:01","guid":{"rendered":"http:\/\/realnews-beilngries.de\/?p=3608"},"modified":"2023-03-09T18:18:01","modified_gmt":"2023-03-09T17:18:01","slug":"ich-wollt-ich-waer-ein-huhn-oder-vielleicht-doch-nicht","status":"publish","type":"post","link":"http:\/\/realnews-beilngries.de\/?p=3608","title":{"rendered":"Ich wollt, ich w\u00e4r\u2018 ein Huhn&#8230; (oder vielleicht doch nicht?)"},"content":{"rendered":"\n<p><em><strong>Diesen Wunsch hegte voraussichtlich das eine oder andere Kind aus den Klassen 6a und 6c, als es in den letzten Stunden im Biologieunterricht um diese V\u00f6gel ging: Den ganzen Tag nicht viel zu tun und nur ein Ei legen, wie es in dem bekannten (und von unserer Schul-BigBand gerne zur Auff\u00fchrung gebrachten) Lied so sch\u00f6n hei\u00dft. Dass dieses H\u00fchner-Leben in Wirklichkeit nicht ganz so erstrebenswert ist, erkannten die Sch\u00fclerinnen und Sch\u00fcler recht schnell, als sie sich mit dem Thema \u201eEier und ihre Herkunft\u201c besch\u00e4ftigten.<\/strong> (Ein Beitrag von Frau Knon.)<\/em><\/p>\n\n\n\n<p>Um den Aufbau eines H\u00fchnereis aus biologischer Sicht zu erforschen, sollten die Kinder mit einer Schere bzw. Pinzette kleine St\u00fccke aus der harten Kalkschale herausbrechen und das Loch zu einer \u00d6ffnung erweitern, die etwa so gro\u00df wie eine 2-Euro-M\u00fcnze war.<\/p>\n\n\n<div class=\"wp-block-image\">\n<figure class=\"aligncenter size-full\"><img decoding=\"async\" loading=\"lazy\" width=\"624\" height=\"468\" src=\"http:\/\/realnews-beilngries.de\/wp-content\/uploads\/2023\/03\/Bild1-1.jpg\" alt=\"\" class=\"wp-image-3609\" srcset=\"http:\/\/realnews-beilngries.de\/wp-content\/uploads\/2023\/03\/Bild1-1.jpg 624w, http:\/\/realnews-beilngries.de\/wp-content\/uploads\/2023\/03\/Bild1-1-300x225.jpg 300w\" sizes=\"(max-width: 624px) 100vw, 624px\" \/><\/figure><\/div>\n\n\n<p>Im Anschluss daran mussten einige Arbeitsauftr\u00e4ge erledigt werden. Zum einen sollte das ge\u00f6ffnete Ei sorgf\u00e4ltig und exakt gezeichnet und mit Hilfe des Buches beschriftet werden. Anschlie\u00dfend wurde die Keimscheibe, aus der sich das K\u00fcken entwickelt, gemessen. Mit einem Holzst\u00e4bchen sollte die Dotterkugel dann bewegt werden, wobei die Sch\u00fclerinnen und Sch\u00fcler feststellten, dass diese von der Hagelschnur festgehalten wird. Deshalb war es schwierig, den Dotter zu bewegen. Die Kinder erkannten die Aufgabe dieser Schnur; wird das Ei ausgebr\u00fctet, sch\u00fctzt diese \u201eSicherheitsleine\u201c das K\u00fcken n\u00e4mlich vor Ersch\u00fctterungen.<\/p>\n\n\n<div class=\"wp-block-image\">\n<figure class=\"aligncenter size-full\"><img decoding=\"async\" loading=\"lazy\" width=\"570\" height=\"427\" src=\"http:\/\/realnews-beilngries.de\/wp-content\/uploads\/2023\/03\/Bild4-1.jpg\" alt=\"\" class=\"wp-image-3611\" srcset=\"http:\/\/realnews-beilngries.de\/wp-content\/uploads\/2023\/03\/Bild4-1.jpg 570w, http:\/\/realnews-beilngries.de\/wp-content\/uploads\/2023\/03\/Bild4-1-300x225.jpg 300w\" sizes=\"(max-width: 570px) 100vw, 570px\" \/><\/figure><\/div>\n\n\n<p>Zum Schluss wurde der \u201eInhalt\u201c des Eies vorsichtig in ein Becherglas gesch\u00fcttet. Im Inneren der leeren Schale konnten man sehr gut die Schalenhaut und vor allem auch die Luftkammer, die einen Luftvorrat f\u00fcr die Atmung des K\u00fckens enth\u00e4lt, erkennen.<\/p>\n\n\n<div class=\"wp-block-image\">\n<figure class=\"aligncenter size-full\"><img decoding=\"async\" loading=\"lazy\" width=\"421\" height=\"562\" src=\"http:\/\/realnews-beilngries.de\/wp-content\/uploads\/2023\/03\/Bild3-1.jpg\" alt=\"\" class=\"wp-image-3610\" srcset=\"http:\/\/realnews-beilngries.de\/wp-content\/uploads\/2023\/03\/Bild3-1.jpg 421w, http:\/\/realnews-beilngries.de\/wp-content\/uploads\/2023\/03\/Bild3-1-225x300.jpg 225w\" sizes=\"(max-width: 421px) 100vw, 421px\" \/><\/figure><\/div>\n\n\n<p>Nach dem Praktikum ging es um den Code auf den Eiern. Damit man beim Einkauf gleich erkennt, ob das Ei aus K\u00e4fig-, Boden- oder Freilandhaltung stammt, gibt es in allen L\u00e4ndern Europas eine einheitliche Kennzeichnung. Ziemlich schockiert waren die Kinder \u00fcber Bilder der K\u00e4fighaltung, die jedoch Gott sei Dank nur mehr einen kleinen Teil der \u201eerzeugten\u201c Eier ausmacht. Vielen wurde klar, wie froh sie sein konnten, selbst H\u00fchner zu halten oder zumindest von jemandem aus der Region frische Eier kaufen zu k\u00f6nnen.<\/p>\n\n\n\n<p><strong>FAZIT:<\/strong> So genau haben sich die Sch\u00fclerinnen und Sch\u00fcler mit ihrem R\u00fchrei auf dem Teller noch nie besch\u00e4ftigt! Und die n\u00e4chsten Eierspeisen werden sicherlich in Zukunft bewusster konsumiert.<\/p>\n","protected":false},"excerpt":{"rendered":"<p>Diesen Wunsch hegte voraussichtlich das eine oder andere Kind aus den Klassen 6a und 6c, als es in den letzten Stunden im Biologieunterricht um diese<\/p>\n","protected":false},"author":19,"featured_media":3612,"comment_status":"open","ping_status":"open","sticky":false,"template":"","format":"standard","meta":[],"categories":[5],"tags":[200],"_links":{"self":[{"href":"http:\/\/realnews-beilngries.de\/index.php?rest_route=\/wp\/v2\/posts\/3608"}],"collection":[{"href":"http:\/\/realnews-beilngries.de\/index.php?rest_route=\/wp\/v2\/posts"}],"about":[{"href":"http:\/\/realnews-beilngries.de\/index.php?rest_route=\/wp\/v2\/types\/post"}],"author":[{"embeddable":true,"href":"http:\/\/realnews-beilngries.de\/index.php?rest_route=\/wp\/v2\/users\/19"}],"replies":[{"embeddable":true,"href":"http:\/\/realnews-beilngries.de\/index.php?rest_route=%2Fwp%2Fv2%2Fcomments&post=3608"}],"version-history":[{"count":1,"href":"http:\/\/realnews-beilngries.de\/index.php?rest_route=\/wp\/v2\/posts\/3608\/revisions"}],"predecessor-version":[{"id":3613,"href":"http:\/\/realnews-beilngries.de\/index.php?rest_route=\/wp\/v2\/posts\/3608\/revisions\/3613"}],"wp:featuredmedia":[{"embeddable":true,"href":"http:\/\/realnews-beilngries.de\/index.php?rest_route=\/wp\/v2\/media\/3612"}],"wp:attachment":[{"href":"http:\/\/realnews-beilngries.de\/index.php?rest_route=%2Fwp%2Fv2%2Fmedia&parent=3608"}],"wp:term":[{"taxonomy":"category","embeddable":true,"href":"http:\/\/realnews-beilngries.de\/index.php?rest_route=%2Fwp%2Fv2%2Fcategories&post=3608"},{"taxonomy":"post_tag","embeddable":true,"href":"http:\/\/realnews-beilngries.de\/index.php?rest_route=%2Fwp%2Fv2%2Ftags&post=3608"}],"curies":[{"name":"wp","href":"https:\/\/api.w.org\/{rel}","templated":true}]}}