{"id":3582,"date":"2023-03-03T17:20:58","date_gmt":"2023-03-03T16:20:58","guid":{"rendered":"http:\/\/realnews-beilngries.de\/?p=3582"},"modified":"2023-03-03T17:20:58","modified_gmt":"2023-03-03T16:20:58","slug":"klimaladen-statt-klimastreik-die-klasse-5c-kauft-klimafreundlich-ein","status":"publish","type":"post","link":"http:\/\/realnews-beilngries.de\/?p=3582","title":{"rendered":"Klimaladen statt Klimastreik &#8211; die Klasse 5c kauft klimafreundlich ein!"},"content":{"rendered":"\n<p><strong><em>Unsere gesamte Klasse 5c fand den Klimaladen sehr interessant. Herr Hackbarth, der Referent, erkl\u00e4rte uns, wie wir helfen k\u00f6nnen, die Erderw\u00e4rmung zu stoppen.<\/em>..<\/strong> <em>(Ein Beitrag von Johannes Hierl und Korbinian Kienast aus der Klasse 5c.)<\/em><\/p>\n\n\n\n<p>Seinen Angaben zufolge sollten wir zum Beispiel mehr mit dem Fahrrad fahren, um den CO<sub>2<\/sub>-Aussto\u00df zu reduzieren. Au\u00dferdem k\u00f6nnen wir unserer Umwelt helfen, wenn wir mehr B\u00e4ume anpflanzen und Moore anlegen w\u00fcrden. Man sollte auch mehr Secondhand-Produkte kaufen, damit keine weiteren Kleidungsst\u00fccke produziert werden m\u00fcssen und die daf\u00fcr ben\u00f6tigten Rohstoffe eingespart werden k\u00f6nnen.<\/p>\n\n\n<div class=\"wp-block-image\">\n<figure class=\"aligncenter size-full\"><img decoding=\"async\" loading=\"lazy\" width=\"725\" height=\"543\" src=\"http:\/\/realnews-beilngries.de\/wp-content\/uploads\/2023\/03\/Bild1.jpg\" alt=\"\" class=\"wp-image-3583\" srcset=\"http:\/\/realnews-beilngries.de\/wp-content\/uploads\/2023\/03\/Bild1.jpg 725w, http:\/\/realnews-beilngries.de\/wp-content\/uploads\/2023\/03\/Bild1-300x225.jpg 300w\" sizes=\"(max-width: 725px) 100vw, 725px\" \/><\/figure><\/div>\n\n\n<p>Es kostet vielleicht ein bisschen mehr, BIO- oder regionale Produkte zu kaufen, aber somit k\u00f6nnen wir einen weiten Transportweg vermeiden. Genauso ist es gut, Obst und Gem\u00fcse zu kaufen, welches gerade bei uns w\u00e4chst, damit es nicht extra aus weit entfernten L\u00e4ndern eingeflogen werden muss.<\/p>\n\n\n\n<figure class=\"is-layout-flex wp-block-gallery-1 wp-block-gallery has-nested-images columns-default is-cropped\">\n<figure class=\"wp-block-image size-large\"><img decoding=\"async\" loading=\"lazy\" width=\"751\" height=\"563\" data-id=\"3584\"  src=\"http:\/\/realnews-beilngries.de\/wp-content\/uploads\/2023\/03\/Bild4.jpg\" alt=\"\" class=\"wp-image-3584\" srcset=\"http:\/\/realnews-beilngries.de\/wp-content\/uploads\/2023\/03\/Bild4.jpg 751w, http:\/\/realnews-beilngries.de\/wp-content\/uploads\/2023\/03\/Bild4-300x225.jpg 300w\" sizes=\"(max-width: 751px) 100vw, 751px\" \/><\/figure>\n\n\n\n<figure class=\"wp-block-image size-large\"><img decoding=\"async\" loading=\"lazy\" width=\"706\" height=\"467\" data-id=\"3585\"  src=\"http:\/\/realnews-beilngries.de\/wp-content\/uploads\/2023\/03\/Bild5.jpg\" alt=\"\" class=\"wp-image-3585\" srcset=\"http:\/\/realnews-beilngries.de\/wp-content\/uploads\/2023\/03\/Bild5.jpg 706w, http:\/\/realnews-beilngries.de\/wp-content\/uploads\/2023\/03\/Bild5-300x198.jpg 300w\" sizes=\"(max-width: 706px) 100vw, 706px\" \/><\/figure>\n<\/figure>\n\n\n\n<p>Am besten gefiel uns, dass wir sogar selber einkaufen durften. Anschlie\u00dfend wurde unser Einkauf auf seine Klimafreundlichkeit hin bewertet. Da haben wir echt gestaunt.<\/p>\n\n\n<div class=\"wp-block-image\">\n<figure class=\"aligncenter size-full\"><img decoding=\"async\" loading=\"lazy\" width=\"775\" height=\"582\" src=\"http:\/\/realnews-beilngries.de\/wp-content\/uploads\/2023\/03\/Bild3.jpg\" alt=\"\" class=\"wp-image-3586\" srcset=\"http:\/\/realnews-beilngries.de\/wp-content\/uploads\/2023\/03\/Bild3.jpg 775w, http:\/\/realnews-beilngries.de\/wp-content\/uploads\/2023\/03\/Bild3-300x225.jpg 300w, http:\/\/realnews-beilngries.de\/wp-content\/uploads\/2023\/03\/Bild3-768x577.jpg 768w\" sizes=\"(max-width: 775px) 100vw, 775px\" \/><figcaption class=\"wp-element-caption\">1-2-3: Klimafreundlich einkaufen ist keine Zauberei (auch wenn der Hoodie was Anderes sagt)! \ud83d\ude09<\/figcaption><\/figure><\/div>\n\n\n<p class=\"has-text-align-center\"><strong>Unser Fazit:<\/strong> Jeder von uns kann etwas f\u00fcr unser Klima tun. Zusammen k\u00f6nnen wir viel erreichen.<\/p>\n","protected":false},"excerpt":{"rendered":"<p>Unsere gesamte Klasse 5c fand den Klimaladen sehr interessant. Herr Hackbarth, der Referent, erkl\u00e4rte uns, wie wir helfen k\u00f6nnen, die Erderw\u00e4rmung zu stoppen&#8230; (Ein Beitrag<\/p>\n","protected":false},"author":19,"featured_media":3587,"comment_status":"open","ping_status":"open","sticky":false,"template":"","format":"standard","meta":[],"categories":[5],"tags":[127],"_links":{"self":[{"href":"http:\/\/realnews-beilngries.de\/index.php?rest_route=\/wp\/v2\/posts\/3582"}],"collection":[{"href":"http:\/\/realnews-beilngries.de\/index.php?rest_route=\/wp\/v2\/posts"}],"about":[{"href":"http:\/\/realnews-beilngries.de\/index.php?rest_route=\/wp\/v2\/types\/post"}],"author":[{"embeddable":true,"href":"http:\/\/realnews-beilngries.de\/index.php?rest_route=\/wp\/v2\/users\/19"}],"replies":[{"embeddable":true,"href":"http:\/\/realnews-beilngries.de\/index.php?rest_route=%2Fwp%2Fv2%2Fcomments&post=3582"}],"version-history":[{"count":1,"href":"http:\/\/realnews-beilngries.de\/index.php?rest_route=\/wp\/v2\/posts\/3582\/revisions"}],"predecessor-version":[{"id":3588,"href":"http:\/\/realnews-beilngries.de\/index.php?rest_route=\/wp\/v2\/posts\/3582\/revisions\/3588"}],"wp:featuredmedia":[{"embeddable":true,"href":"http:\/\/realnews-beilngries.de\/index.php?rest_route=\/wp\/v2\/media\/3587"}],"wp:attachment":[{"href":"http:\/\/realnews-beilngries.de\/index.php?rest_route=%2Fwp%2Fv2%2Fmedia&parent=3582"}],"wp:term":[{"taxonomy":"category","embeddable":true,"href":"http:\/\/realnews-beilngries.de\/index.php?rest_route=%2Fwp%2Fv2%2Fcategories&post=3582"},{"taxonomy":"post_tag","embeddable":true,"href":"http:\/\/realnews-beilngries.de\/index.php?rest_route=%2Fwp%2Fv2%2Ftags&post=3582"}],"curies":[{"name":"wp","href":"https:\/\/api.w.org\/{rel}","templated":true}]}}