{"id":3576,"date":"2023-03-02T17:51:27","date_gmt":"2023-03-02T16:51:27","guid":{"rendered":"http:\/\/realnews-beilngries.de\/?p=3576"},"modified":"2023-03-02T17:51:27","modified_gmt":"2023-03-02T16:51:27","slug":"zu-gast-bei-freunden-ein-besuch-in-der-moschee-beilngries","status":"publish","type":"post","link":"http:\/\/realnews-beilngries.de\/?p=3576","title":{"rendered":"Zu Gast bei Freunden &#8211; ein Besuch in der Moschee Beilngries."},"content":{"rendered":"\n<p><em><strong>Wie wei\u00df der gl\u00e4ubige Moslem, wann er beten muss? Wann beginnt der Fastenmonat Ramadan? Wie wird man zum Imam ausgebildet? Und warum sollen M\u00e4nner und Frauen getrennt voneinander beten? All diese Fragen konnten wir heuer einer echten Expertin in Sachen Islam stellen\u2026<\/strong> (Ein Beitrag von Frau Schlampp &amp; der Klasse 7d.)<\/em><\/p>\n\n\n<div class=\"wp-block-image\">\n<figure class=\"aligncenter size-large is-resized\"><img decoding=\"async\" loading=\"lazy\" src=\"http:\/\/realnews-beilngries.de\/wp-content\/uploads\/2023\/03\/IMG_20230209_101601_813-1024x766.jpg\" alt=\"\" class=\"wp-image-3579\" width=\"574\" height=\"428\" srcset=\"http:\/\/realnews-beilngries.de\/wp-content\/uploads\/2023\/03\/IMG_20230209_101601_813-1024x766.jpg 1024w, http:\/\/realnews-beilngries.de\/wp-content\/uploads\/2023\/03\/IMG_20230209_101601_813-300x224.jpg 300w, http:\/\/realnews-beilngries.de\/wp-content\/uploads\/2023\/03\/IMG_20230209_101601_813-1536x1149.jpg 1536w, http:\/\/realnews-beilngries.de\/wp-content\/uploads\/2023\/03\/IMG_20230209_101601_813.jpg 1600w\" sizes=\"(max-width: 574px) 100vw, 574px\" \/><\/figure><\/div>\n\n\n<p>Dilek Demir vom T\u00fcrkischen Kulturverein Beilngries, einst selbst Sch\u00fclerin an unserer Schule, erm\u00f6glichte uns dankenswerterweise bereits zum wiederholten Mal eine F\u00fchrung durch die Beilngrieser Moschee. Bereits seit einigen Wochen hatten wir uns im Reli-Unterricht mit dem Thema \u201eIslam\u201c befasst und zum Abschluss stand nun die pers\u00f6nliche Begegnung mit einer gl\u00e4ubigen Muslima auf dem Programm.<\/p>\n\n\n<div class=\"wp-block-image\">\n<figure class=\"aligncenter size-large is-resized\"><img decoding=\"async\" loading=\"lazy\" src=\"http:\/\/realnews-beilngries.de\/wp-content\/uploads\/2023\/03\/IMG_20230209_102523_844-1024x766.jpg\" alt=\"\" class=\"wp-image-3578\" width=\"637\" height=\"476\" srcset=\"http:\/\/realnews-beilngries.de\/wp-content\/uploads\/2023\/03\/IMG_20230209_102523_844-1024x766.jpg 1024w, http:\/\/realnews-beilngries.de\/wp-content\/uploads\/2023\/03\/IMG_20230209_102523_844-300x224.jpg 300w, http:\/\/realnews-beilngries.de\/wp-content\/uploads\/2023\/03\/IMG_20230209_102523_844-768x575.jpg 768w, http:\/\/realnews-beilngries.de\/wp-content\/uploads\/2023\/03\/IMG_20230209_102523_844-1536x1149.jpg 1536w, http:\/\/realnews-beilngries.de\/wp-content\/uploads\/2023\/03\/IMG_20230209_102523_844.jpg 1600w\" sizes=\"(max-width: 637px) 100vw, 637px\" \/><\/figure><\/div>\n\n\n<p>In der kunstvoll mit einem riesigen Kronleuchter und einem dicken orientalischen Gebetsteppich gestalteten Moschee konnte man sp\u00fcren, wie sehr die Beilngrieser Muslima und Muslime mit ihrem Glauben und ihrem Heimatland verbunden sind. Und im gemeinsamen Gespr\u00e4ch kam wieder mal heraus, was wir vorher schon erahnt hatten: So weit weg voneinander sind wir gar nicht \u2013 wir sind nicht <em>anders<\/em>gl\u00e4ubig, sondern anders<em>gl\u00e4ubig.<\/em><\/p>\n\n\n<div class=\"wp-block-image\">\n<figure class=\"aligncenter size-large is-resized\"><img decoding=\"async\" loading=\"lazy\" src=\"http:\/\/realnews-beilngries.de\/wp-content\/uploads\/2023\/03\/IMG_20230209_100354_081-766x1024.jpg\" alt=\"\" class=\"wp-image-3577\" width=\"449\" height=\"600\" srcset=\"http:\/\/realnews-beilngries.de\/wp-content\/uploads\/2023\/03\/IMG_20230209_100354_081-766x1024.jpg 766w, http:\/\/realnews-beilngries.de\/wp-content\/uploads\/2023\/03\/IMG_20230209_100354_081-224x300.jpg 224w, http:\/\/realnews-beilngries.de\/wp-content\/uploads\/2023\/03\/IMG_20230209_100354_081-768x1027.jpg 768w, http:\/\/realnews-beilngries.de\/wp-content\/uploads\/2023\/03\/IMG_20230209_100354_081-1149x1536.jpg 1149w, http:\/\/realnews-beilngries.de\/wp-content\/uploads\/2023\/03\/IMG_20230209_100354_081.jpg 1197w\" sizes=\"(max-width: 449px) 100vw, 449px\" \/><\/figure><\/div>\n\n\n<p class=\"has-text-align-center\">\u201eTesekk\u00fcr ederim!\u201c \u2013 \u201eDankesch\u00f6n!\u201c, liebe Frau Demir, f\u00fcr diese Erkenntnis!<\/p>\n","protected":false},"excerpt":{"rendered":"<p>Wie wei\u00df der gl\u00e4ubige Moslem, wann er beten muss? Wann beginnt der Fastenmonat Ramadan? Wie wird man zum Imam ausgebildet? Und warum sollen M\u00e4nner und<\/p>\n","protected":false},"author":19,"featured_media":3580,"comment_status":"open","ping_status":"open","sticky":false,"template":"","format":"standard","meta":[],"categories":[6],"tags":[163],"_links":{"self":[{"href":"http:\/\/realnews-beilngries.de\/index.php?rest_route=\/wp\/v2\/posts\/3576"}],"collection":[{"href":"http:\/\/realnews-beilngries.de\/index.php?rest_route=\/wp\/v2\/posts"}],"about":[{"href":"http:\/\/realnews-beilngries.de\/index.php?rest_route=\/wp\/v2\/types\/post"}],"author":[{"embeddable":true,"href":"http:\/\/realnews-beilngries.de\/index.php?rest_route=\/wp\/v2\/users\/19"}],"replies":[{"embeddable":true,"href":"http:\/\/realnews-beilngries.de\/index.php?rest_route=%2Fwp%2Fv2%2Fcomments&post=3576"}],"version-history":[{"count":1,"href":"http:\/\/realnews-beilngries.de\/index.php?rest_route=\/wp\/v2\/posts\/3576\/revisions"}],"predecessor-version":[{"id":3581,"href":"http:\/\/realnews-beilngries.de\/index.php?rest_route=\/wp\/v2\/posts\/3576\/revisions\/3581"}],"wp:featuredmedia":[{"embeddable":true,"href":"http:\/\/realnews-beilngries.de\/index.php?rest_route=\/wp\/v2\/media\/3580"}],"wp:attachment":[{"href":"http:\/\/realnews-beilngries.de\/index.php?rest_route=%2Fwp%2Fv2%2Fmedia&parent=3576"}],"wp:term":[{"taxonomy":"category","embeddable":true,"href":"http:\/\/realnews-beilngries.de\/index.php?rest_route=%2Fwp%2Fv2%2Fcategories&post=3576"},{"taxonomy":"post_tag","embeddable":true,"href":"http:\/\/realnews-beilngries.de\/index.php?rest_route=%2Fwp%2Fv2%2Ftags&post=3576"}],"curies":[{"name":"wp","href":"https:\/\/api.w.org\/{rel}","templated":true}]}}