{"id":3544,"date":"2023-02-13T19:39:48","date_gmt":"2023-02-13T18:39:48","guid":{"rendered":"http:\/\/realnews-beilngries.de\/?p=3544"},"modified":"2023-02-13T19:39:48","modified_gmt":"2023-02-13T18:39:48","slug":"was-fliegt-denn-da","status":"publish","type":"post","link":"http:\/\/realnews-beilngries.de\/?p=3544","title":{"rendered":"<strong>Was fliegt denn da?<\/strong>"},"content":{"rendered":"\n<p><em><strong>Vogelh\u00e4uschen bauen, Vogelfutter selber machen und als H\u00f6hepunkt mit der Biologin Marlene Gmelch-Werner die H\u00e4uschen aufh\u00e4ngen und V\u00f6gel beobachten. So sah der Biologieunterricht der beiden Klassen 6a und 6c in den vergangenen Schulstunden aus\u2026<\/strong> (Ein Bericht von Frau Knon.)<\/em><\/p>\n\n\n<div class=\"wp-block-image\">\n<figure class=\"aligncenter size-full\"><img decoding=\"async\" loading=\"lazy\" width=\"658\" height=\"493\" src=\"http:\/\/realnews-beilngries.de\/wp-content\/uploads\/2023\/02\/Bild2-1.jpg\" alt=\"\" class=\"wp-image-3545\" srcset=\"http:\/\/realnews-beilngries.de\/wp-content\/uploads\/2023\/02\/Bild2-1.jpg 658w, http:\/\/realnews-beilngries.de\/wp-content\/uploads\/2023\/02\/Bild2-1-300x225.jpg 300w\" sizes=\"(max-width: 658px) 100vw, 658px\" \/><figcaption class=\"wp-element-caption\">Das Drei-Sterne-Vogelmen\u00fc wird zubereitet &#8230; \ud83d\ude09<\/figcaption><\/figure><\/div>\n\n\n<p>Momentan dreht sich in Biologie alles um die Wirbeltierklasse der V\u00f6gel. Nachdem man in verschiedenen Referaten viel Interessantes \u00fcber die gefiederten Tiere erfahren hatte, ging es dann im Speziellen um die einheimischen V\u00f6gel. Um diesen auch im Winter zu helfen, bauten die Sch\u00fclerinnen und Sch\u00fcler in ihrer Freizeit Vogelh\u00e4uschen zusammen und bemalten sie auch teilweise. Anschlie\u00dfend wurde im Unterricht Fettfutter f\u00fcr die Tiere gemacht. So wurde Rindertalg verfl\u00fcssigt, eine K\u00f6rnermischung einger\u00fchrt und in kleine Muffinf\u00f6rmchen abgef\u00fcllt. Um die Leckerbissen auch aufh\u00e4ngen zu k\u00f6nnen, wurde vor dem Einf\u00fcllen in die Form noch eine Schnur hineingelegt.<\/p>\n\n\n<div class=\"wp-block-image\">\n<figure class=\"aligncenter size-full\"><img decoding=\"async\" loading=\"lazy\" width=\"623\" height=\"417\" src=\"http:\/\/realnews-beilngries.de\/wp-content\/uploads\/2023\/02\/Bild3.png\" alt=\"\" class=\"wp-image-3546\" srcset=\"http:\/\/realnews-beilngries.de\/wp-content\/uploads\/2023\/02\/Bild3.png 623w, http:\/\/realnews-beilngries.de\/wp-content\/uploads\/2023\/02\/Bild3-300x201.png 300w\" sizes=\"(max-width: 623px) 100vw, 623px\" \/><figcaption class=\"wp-element-caption\">V\u00f6gel beobachten &#8211; gar nicht so einfach!<\/figcaption><\/figure><\/div>\n\n\n<p>Um noch mehr \u00fcber die Winterf\u00fctterung zu erfahren, wurde die Biologin Frau Gmelch-Werner eingeladen, die auch bereits an der ARB einige Jahre unterrichtet hat. Bevor es raus ging in die Natur, wurde das F\u00fcr und Wider der Vogelf\u00fctterung besprochen. Danach begeisterte die Expertin die Kinder f\u00fcr die Vogelbeobachtung. Sie erkl\u00e4rte sehr anschaulich, den Blick einmal weg von der digitalen zur realen Welt hinzuwenden. Sich auf dem Schulgel\u00e4nde oder im eigenen Garten einen Platz zu suchen, ruhig zu werden und mit den Augen, aber auch den Ohren V\u00f6gel zu entdecken, bedarf keiner gro\u00dfen Vorbereitung, er\u00f6ffnet einem aber einen gro\u00dfartigen Einblick in unsere heimische Vogelwelt.<\/p>\n\n\n<div class=\"wp-block-image\">\n<figure class=\"aligncenter size-full\"><img decoding=\"async\" loading=\"lazy\" width=\"619\" height=\"414\" src=\"http:\/\/realnews-beilngries.de\/wp-content\/uploads\/2023\/02\/Bild5.png\" alt=\"\" class=\"wp-image-3547\" srcset=\"http:\/\/realnews-beilngries.de\/wp-content\/uploads\/2023\/02\/Bild5.png 619w, http:\/\/realnews-beilngries.de\/wp-content\/uploads\/2023\/02\/Bild5-300x201.png 300w\" sizes=\"(max-width: 619px) 100vw, 619px\" \/><figcaption class=\"wp-element-caption\">Eine echte &#8222;Villa Kunterbunt&#8220; f\u00fcr unsere ARB-V\u00f6gel! \ud83d\ude42<\/figcaption><\/figure><\/div>\n\n\n<p>Bei strahlendem Winterwetter wurden dann von den Kindern begeistert die besten Stellen f\u00fcr die Futterh\u00e4uschen gesucht. Unter der fachkundigen Anleitung von Frau Gmelch-Werner wurden die H\u00e4uschen aufgeh\u00e4ngt und mit dem richtigen Futter bef\u00fcllt. Auch die selbstgemachten \u201eMuffins\u201c fanden ihren Platz.<\/p>\n\n\n\n<figure class=\"wp-block-image size-full\"><img decoding=\"async\" loading=\"lazy\" width=\"757\" height=\"507\" src=\"http:\/\/realnews-beilngries.de\/wp-content\/uploads\/2023\/02\/Bild6.png\" alt=\"\" class=\"wp-image-3548\" srcset=\"http:\/\/realnews-beilngries.de\/wp-content\/uploads\/2023\/02\/Bild6.png 757w, http:\/\/realnews-beilngries.de\/wp-content\/uploads\/2023\/02\/Bild6-300x201.png 300w\" sizes=\"(max-width: 757px) 100vw, 757px\" \/><\/figure>\n\n\n\n<p>Danach durften sich die Kinder in Zweier-Gruppen eine geeignete Stelle suchen, um dort in aller Ruhe ihre Beobachtungen machen zu k\u00f6nnen. So entdeckten die Sch\u00fclerinnen und Sch\u00fcler eine Saatkr\u00e4he, die in einem der hohen B\u00e4ume am Schulgel\u00e4nde ihr Nest hat. Au\u00dferdem waren an der Sulz nat\u00fcrlich auch Entenv\u00f6gel unterwegs. Aber auch ein Kormoran und kleinere Singv\u00f6gel wie die Kohl- und Blaumeise konnten gesichtet werden. Um herauszufinden, um welche V\u00f6gel es sich handelte, wurden Bestimmungsb\u00fccher verteilt.<\/p>\n\n\n<div class=\"wp-block-image\">\n<figure class=\"aligncenter size-full\"><img decoding=\"async\" loading=\"lazy\" width=\"615\" height=\"412\" src=\"http:\/\/realnews-beilngries.de\/wp-content\/uploads\/2023\/02\/Bild4.png\" alt=\"\" class=\"wp-image-3549\" srcset=\"http:\/\/realnews-beilngries.de\/wp-content\/uploads\/2023\/02\/Bild4.png 615w, http:\/\/realnews-beilngries.de\/wp-content\/uploads\/2023\/02\/Bild4-300x201.png 300w\" sizes=\"(max-width: 615px) 100vw, 615px\" \/><\/figure><\/div>\n\n\n<p>Leider mussten sich die Kinder am Ende der Unterrichtsstunde von ihrem Beobachtungsposten losrei\u00dfen. Um zu Hause die Forschungsarbeiten fortsetzen zu k\u00f6nnen, erhielten sie noch von der Expertin eine kleine Grundausr\u00fcstung. Gem\u00e4\u00df dem Leitsatz von Konrad Lorenz \u201eMan sch\u00fctzt nur, was man liebt \u2013 man liebt nur, was man kennt\u201c werden die Kinder die V\u00f6gel, die sie kennengelernt haben, lieben und sch\u00fctzen und damit einen wichtigen Beitrag zur Nachhaltigkeit leisten.<\/p>\n","protected":false},"excerpt":{"rendered":"<p>Vogelh\u00e4uschen bauen, Vogelfutter selber machen und als H\u00f6hepunkt mit der Biologin Marlene Gmelch-Werner die H\u00e4uschen aufh\u00e4ngen und V\u00f6gel beobachten. So sah der Biologieunterricht der beiden<\/p>\n","protected":false},"author":19,"featured_media":3550,"comment_status":"open","ping_status":"open","sticky":false,"template":"","format":"standard","meta":[],"categories":[5],"tags":[197],"_links":{"self":[{"href":"http:\/\/realnews-beilngries.de\/index.php?rest_route=\/wp\/v2\/posts\/3544"}],"collection":[{"href":"http:\/\/realnews-beilngries.de\/index.php?rest_route=\/wp\/v2\/posts"}],"about":[{"href":"http:\/\/realnews-beilngries.de\/index.php?rest_route=\/wp\/v2\/types\/post"}],"author":[{"embeddable":true,"href":"http:\/\/realnews-beilngries.de\/index.php?rest_route=\/wp\/v2\/users\/19"}],"replies":[{"embeddable":true,"href":"http:\/\/realnews-beilngries.de\/index.php?rest_route=%2Fwp%2Fv2%2Fcomments&post=3544"}],"version-history":[{"count":1,"href":"http:\/\/realnews-beilngries.de\/index.php?rest_route=\/wp\/v2\/posts\/3544\/revisions"}],"predecessor-version":[{"id":3551,"href":"http:\/\/realnews-beilngries.de\/index.php?rest_route=\/wp\/v2\/posts\/3544\/revisions\/3551"}],"wp:featuredmedia":[{"embeddable":true,"href":"http:\/\/realnews-beilngries.de\/index.php?rest_route=\/wp\/v2\/media\/3550"}],"wp:attachment":[{"href":"http:\/\/realnews-beilngries.de\/index.php?rest_route=%2Fwp%2Fv2%2Fmedia&parent=3544"}],"wp:term":[{"taxonomy":"category","embeddable":true,"href":"http:\/\/realnews-beilngries.de\/index.php?rest_route=%2Fwp%2Fv2%2Fcategories&post=3544"},{"taxonomy":"post_tag","embeddable":true,"href":"http:\/\/realnews-beilngries.de\/index.php?rest_route=%2Fwp%2Fv2%2Ftags&post=3544"}],"curies":[{"name":"wp","href":"https:\/\/api.w.org\/{rel}","templated":true}]}}