{"id":3466,"date":"2022-12-23T09:11:17","date_gmt":"2022-12-23T08:11:17","guid":{"rendered":"http:\/\/realnews-beilngries.de\/?p=3466"},"modified":"2022-12-23T09:11:17","modified_gmt":"2022-12-23T08:11:17","slug":"den-blick-aendern-die-etwas-andere-stadtfuehrung-der-klasse-10c-in-nuernberg","status":"publish","type":"post","link":"http:\/\/realnews-beilngries.de\/?p=3466","title":{"rendered":"Den Blick \u00e4ndern \u2013 die etwas andere Stadtf\u00fchrung der Klasse 10c in N\u00fcrnberg"},"content":{"rendered":"\n<p><em><strong>Drei Tage vor Weihnachten machte sich die Klasse 10c gemeinsam mit ihren Lehrkr\u00e4ften Frau Diepold und Herrn Schmau\u00df auf den Weg nach N\u00fcrnberg, um an einer sogenannten \u201eSchicht-Wechsel\u201c-F\u00fchrung teilzunehmen.<\/strong> (Ein Bericht von Emilia und Noemi)<\/em><\/p>\n\n\n\n<p>Diese besonderen Stadtrundg\u00e4nge sind ein Angebot des N\u00fcrnberger Stra\u00dfenkreuzer-Vereins und sollen den Blick auf soziale Schichten, auf Armut und Behinderung, Sucht und Ausgrenzung \u00e4ndern. Die Stadtf\u00fchrer sind Experten. Sie wissen, was es bedeutet, arm, obdachlos oder drogens\u00fcchtig zu sein. Ihre pers\u00f6nlichen Schilderungen machen diese Touren zu einer intensiven Erfahrung.<\/p>\n\n\n\n<div class=\"wp-block-image\"><figure class=\"aligncenter size-large\"><img decoding=\"async\" loading=\"lazy\" width=\"1024\" height=\"768\" src=\"http:\/\/realnews-beilngries.de\/wp-content\/uploads\/2022\/12\/Waehrend-der-Stadtfuehrung_II-1024x768.jpg\" alt=\"\" class=\"wp-image-3468\" srcset=\"http:\/\/realnews-beilngries.de\/wp-content\/uploads\/2022\/12\/Waehrend-der-Stadtfuehrung_II-1024x768.jpg 1024w, http:\/\/realnews-beilngries.de\/wp-content\/uploads\/2022\/12\/Waehrend-der-Stadtfuehrung_II-300x225.jpg 300w, http:\/\/realnews-beilngries.de\/wp-content\/uploads\/2022\/12\/Waehrend-der-Stadtfuehrung_II-768x576.jpg 768w, http:\/\/realnews-beilngries.de\/wp-content\/uploads\/2022\/12\/Waehrend-der-Stadtfuehrung_II-1536x1152.jpg 1536w, http:\/\/realnews-beilngries.de\/wp-content\/uploads\/2022\/12\/Waehrend-der-Stadtfuehrung_II-2048x1536.jpg 2048w\" sizes=\"(max-width: 1024px) 100vw, 1024px\" \/><figcaption>W\u00e4hrend der Stadtf\u00fchrung &#8230;<\/figcaption><\/figure><\/div>\n\n\n\n<p>Unsere Stadtf\u00fchrerin Ils Duman teilte mit uns ihre tragische Drogengeschichte und gab uns eine zweist\u00fcndige F\u00fchrung durch N\u00fcrnberg, bei der man sehen konnte, in welchen st\u00e4dtischen Einrichtungen Hilfe f\u00fcr Suchtkranke und Obdachlose geleistet wird. Ils war 30 Jahre lang schwer heroinabh\u00e4ngig und hat viele verschiedene Drogen konsumiert. Als sie 11 Jahre alt war, begann ihre \u201eKarriere\u201c mit Cannabis. Zudem hatte Ils mit vielen Schicksalsschl\u00e4gen zu k\u00e4mpfen, wie zum Beispiel dem Selbstmord ihres Vaters, sexuellen Missbr\u00e4uchen und alkoholabh\u00e4ngigen Eltern, weshalb sie seit fr\u00fcher Kindheit auch bei ihrer Gro\u00dfmutter aufwuchs. Im Laufe dieser schweren Zeit war Ils 18-mal im Gef\u00e4ngnis eingesperrt.<\/p>\n\n\n\n<div class=\"wp-block-image\"><figure class=\"aligncenter size-large is-resized\"><img decoding=\"async\" loading=\"lazy\" src=\"http:\/\/realnews-beilngries.de\/wp-content\/uploads\/2022\/12\/Waehrend-der-Stadtfuehrung_vor-Notschlafstelle-967x1024.jpg\" alt=\"\" class=\"wp-image-3469\" width=\"520\" height=\"550\" srcset=\"http:\/\/realnews-beilngries.de\/wp-content\/uploads\/2022\/12\/Waehrend-der-Stadtfuehrung_vor-Notschlafstelle-967x1024.jpg 967w, http:\/\/realnews-beilngries.de\/wp-content\/uploads\/2022\/12\/Waehrend-der-Stadtfuehrung_vor-Notschlafstelle-283x300.jpg 283w, http:\/\/realnews-beilngries.de\/wp-content\/uploads\/2022\/12\/Waehrend-der-Stadtfuehrung_vor-Notschlafstelle-768x814.jpg 768w, http:\/\/realnews-beilngries.de\/wp-content\/uploads\/2022\/12\/Waehrend-der-Stadtfuehrung_vor-Notschlafstelle-1450x1536.jpg 1450w, http:\/\/realnews-beilngries.de\/wp-content\/uploads\/2022\/12\/Waehrend-der-Stadtfuehrung_vor-Notschlafstelle-1933x2048.jpg 1933w\" sizes=\"(max-width: 520px) 100vw, 520px\" \/><figcaption>Vor der Notschlafst\u00e4tte.<\/figcaption><\/figure><\/div>\n\n\n\n<p>Mittlerweile ist sie aber seit neun Jahren wieder \u201eclean\u201c und arbeitet beim Verein Stra\u00dfenkreuzer. Die Geschichte von Ils war herzzerrei\u00dfend und wir alle bekamen einen ganz anderen Blick auf diese soziale Schicht.<\/p>\n","protected":false},"excerpt":{"rendered":"<p>Drei Tage vor Weihnachten machte sich die Klasse 10c gemeinsam mit ihren Lehrkr\u00e4ften Frau Diepold und Herrn Schmau\u00df auf den Weg nach N\u00fcrnberg, um an<\/p>\n","protected":false},"author":19,"featured_media":3467,"comment_status":"open","ping_status":"open","sticky":false,"template":"","format":"standard","meta":[],"categories":[5,6],"tags":[192],"_links":{"self":[{"href":"http:\/\/realnews-beilngries.de\/index.php?rest_route=\/wp\/v2\/posts\/3466"}],"collection":[{"href":"http:\/\/realnews-beilngries.de\/index.php?rest_route=\/wp\/v2\/posts"}],"about":[{"href":"http:\/\/realnews-beilngries.de\/index.php?rest_route=\/wp\/v2\/types\/post"}],"author":[{"embeddable":true,"href":"http:\/\/realnews-beilngries.de\/index.php?rest_route=\/wp\/v2\/users\/19"}],"replies":[{"embeddable":true,"href":"http:\/\/realnews-beilngries.de\/index.php?rest_route=%2Fwp%2Fv2%2Fcomments&post=3466"}],"version-history":[{"count":1,"href":"http:\/\/realnews-beilngries.de\/index.php?rest_route=\/wp\/v2\/posts\/3466\/revisions"}],"predecessor-version":[{"id":3470,"href":"http:\/\/realnews-beilngries.de\/index.php?rest_route=\/wp\/v2\/posts\/3466\/revisions\/3470"}],"wp:featuredmedia":[{"embeddable":true,"href":"http:\/\/realnews-beilngries.de\/index.php?rest_route=\/wp\/v2\/media\/3467"}],"wp:attachment":[{"href":"http:\/\/realnews-beilngries.de\/index.php?rest_route=%2Fwp%2Fv2%2Fmedia&parent=3466"}],"wp:term":[{"taxonomy":"category","embeddable":true,"href":"http:\/\/realnews-beilngries.de\/index.php?rest_route=%2Fwp%2Fv2%2Fcategories&post=3466"},{"taxonomy":"post_tag","embeddable":true,"href":"http:\/\/realnews-beilngries.de\/index.php?rest_route=%2Fwp%2Fv2%2Ftags&post=3466"}],"curies":[{"name":"wp","href":"https:\/\/api.w.org\/{rel}","templated":true}]}}