{"id":3453,"date":"2022-12-22T16:17:55","date_gmt":"2022-12-22T15:17:55","guid":{"rendered":"http:\/\/realnews-beilngries.de\/?p=3453"},"modified":"2022-12-22T16:17:55","modified_gmt":"2022-12-22T15:17:55","slug":"arb-zu-gast-beim-ringlstetter","status":"publish","type":"post","link":"http:\/\/realnews-beilngries.de\/?p=3453","title":{"rendered":"ARB zu Gast beim Ringlstetter!"},"content":{"rendered":"\n<p><em><strong>Kurz vor Beginn der Weihnachtsferien machten sich 13 Lehrkr\u00e4fte auf zur Weihnachtsfeier von Hannes Ringlstetter &#8211; was bedeutete, dass sie als G\u00e4ste bei der Aufzeichnung seiner Show &#8222;Ringlstetter&#8220;, der letzten im Jahr 2022, in Ismaning dabei waren.<\/strong><\/em><\/p>\n\n\n\n<p>Nach einem kurzen Essen in einem Ismaninger Caf\u00e9 begaben sich die Lehrerinnen und Lehrer zum Ismaninger Fernsehstudio, wo sie die Show mit den beiden Interview-Partnern Linda Zervakis (Ex-Tagesschau-Moderatorin) und Hans Sigl (ZDF-Bergdoktor) verfolgten. Obwohl die Dauer der Aufzeichnung aufgrund einer verl\u00e4ngerten Sendezeit etwas umfangreicher als gew\u00f6hnlich ausfiel, war es ein sehr kurzweiliger und spa\u00dfiger Ausflug.<\/p>\n\n\n\n<div class=\"wp-block-image\"><figure class=\"aligncenter size-large\"><img decoding=\"async\" loading=\"lazy\" width=\"1024\" height=\"578\" src=\"http:\/\/realnews-beilngries.de\/wp-content\/uploads\/2022\/12\/DSC_2961-1024x578.jpg\" alt=\"\" class=\"wp-image-3449\" srcset=\"http:\/\/realnews-beilngries.de\/wp-content\/uploads\/2022\/12\/DSC_2961-1024x578.jpg 1024w, http:\/\/realnews-beilngries.de\/wp-content\/uploads\/2022\/12\/DSC_2961-300x169.jpg 300w, http:\/\/realnews-beilngries.de\/wp-content\/uploads\/2022\/12\/DSC_2961-768x433.jpg 768w, http:\/\/realnews-beilngries.de\/wp-content\/uploads\/2022\/12\/DSC_2961-1536x867.jpg 1536w, http:\/\/realnews-beilngries.de\/wp-content\/uploads\/2022\/12\/DSC_2961-2048x1155.jpg 2048w\" sizes=\"(max-width: 1024px) 100vw, 1024px\" \/><figcaption>Bar und Interviewtisch beim &#8222;Ringlstetter&#8220;.<\/figcaption><\/figure><\/div>\n\n\n\n<p>Dies lag zum einen an den beiden Gastgebern &#8211; Hannes Ringlstetter und Caro Matzko &#8211; und ihren witzigen Fragen, zum anderen aber auch an den schlagfertigen Antworten der zwei prominenten G\u00e4ste. Alles in allem also eine sehr willkommene und lustige Abwechslung zum Schulalltag!<\/p>\n\n\n\n<div class=\"wp-block-image\"><figure class=\"aligncenter size-large\"><img decoding=\"async\" loading=\"lazy\" width=\"709\" height=\"751\" src=\"http:\/\/realnews-beilngries.de\/wp-content\/uploads\/2022\/12\/InkedIMG-20221221-WA0000.jpg\" alt=\"\" class=\"wp-image-3450\" srcset=\"http:\/\/realnews-beilngries.de\/wp-content\/uploads\/2022\/12\/InkedIMG-20221221-WA0000.jpg 709w, http:\/\/realnews-beilngries.de\/wp-content\/uploads\/2022\/12\/InkedIMG-20221221-WA0000-283x300.jpg 283w\" sizes=\"(max-width: 709px) 100vw, 709px\" \/><figcaption>Die Lehrkr\u00e4fte im Fernsehstudio.<\/figcaption><\/figure><\/div>\n","protected":false},"excerpt":{"rendered":"<p>Kurz vor Beginn der Weihnachtsferien machten sich 13 Lehrkr\u00e4fte auf zur Weihnachtsfeier von Hannes Ringlstetter &#8211; was bedeutete, dass sie als G\u00e4ste bei der Aufzeichnung<\/p>\n","protected":false},"author":19,"featured_media":3451,"comment_status":"open","ping_status":"open","sticky":false,"template":"","format":"standard","meta":[],"categories":[4,6],"tags":[122],"_links":{"self":[{"href":"http:\/\/realnews-beilngries.de\/index.php?rest_route=\/wp\/v2\/posts\/3453"}],"collection":[{"href":"http:\/\/realnews-beilngries.de\/index.php?rest_route=\/wp\/v2\/posts"}],"about":[{"href":"http:\/\/realnews-beilngries.de\/index.php?rest_route=\/wp\/v2\/types\/post"}],"author":[{"embeddable":true,"href":"http:\/\/realnews-beilngries.de\/index.php?rest_route=\/wp\/v2\/users\/19"}],"replies":[{"embeddable":true,"href":"http:\/\/realnews-beilngries.de\/index.php?rest_route=%2Fwp%2Fv2%2Fcomments&post=3453"}],"version-history":[{"count":1,"href":"http:\/\/realnews-beilngries.de\/index.php?rest_route=\/wp\/v2\/posts\/3453\/revisions"}],"predecessor-version":[{"id":3454,"href":"http:\/\/realnews-beilngries.de\/index.php?rest_route=\/wp\/v2\/posts\/3453\/revisions\/3454"}],"wp:featuredmedia":[{"embeddable":true,"href":"http:\/\/realnews-beilngries.de\/index.php?rest_route=\/wp\/v2\/media\/3451"}],"wp:attachment":[{"href":"http:\/\/realnews-beilngries.de\/index.php?rest_route=%2Fwp%2Fv2%2Fmedia&parent=3453"}],"wp:term":[{"taxonomy":"category","embeddable":true,"href":"http:\/\/realnews-beilngries.de\/index.php?rest_route=%2Fwp%2Fv2%2Fcategories&post=3453"},{"taxonomy":"post_tag","embeddable":true,"href":"http:\/\/realnews-beilngries.de\/index.php?rest_route=%2Fwp%2Fv2%2Ftags&post=3453"}],"curies":[{"name":"wp","href":"https:\/\/api.w.org\/{rel}","templated":true}]}}