{"id":3439,"date":"2022-12-20T15:06:44","date_gmt":"2022-12-20T14:06:44","guid":{"rendered":"http:\/\/realnews-beilngries.de\/?p=3439"},"modified":"2022-12-20T15:06:44","modified_gmt":"2022-12-20T14:06:44","slug":"weihnachts-gottesdienst-zum-jahresabschluss-2022","status":"publish","type":"post","link":"http:\/\/realnews-beilngries.de\/?p=3439","title":{"rendered":"Weihnachts-Gottesdienst zum Jahresabschluss 2022"},"content":{"rendered":"\n<p><em><strong>Am 20.12.2022 wurde der traditionelle Jahresschluss-Gottesdienst vor Heilig Abend von Pater Christoph zusammen mit den Sch\u00fclerinnen und Sch\u00fclern sowie Lehrkr\u00e4ften aus allen Jahrgangsstufen gehalten \u2013 und wieder einmal sehr festlich gestaltet von den Fachschaften Musik und Religion.<\/strong> (Ein Beitrag von Antonia und Emma.)<\/em><\/p>\n\n\n\n<p>In diesem Gottesdienst stand das Thema \u201eLicht\u201c im Vordergrund, das gerade an Weihnachten Hoffnung f\u00fcr die Menschen bedeutet \u2013 auch und vor allem in unseren schwierigen Zeiten. F\u00fcr die Mitglieder der ARB-Schulfamilie bedeutet das, gegenseitig aufeinander zu achten und f\u00fcreinander da zu sein, wenn jemand mal Probleme hat.<\/p>\n\n\n\n<div class=\"wp-block-image\"><figure class=\"aligncenter size-large\"><img decoding=\"async\" loading=\"lazy\" width=\"1024\" height=\"578\" src=\"http:\/\/realnews-beilngries.de\/wp-content\/uploads\/2022\/12\/DSC_2950-1024x578.jpg\" alt=\"\" class=\"wp-image-3441\" srcset=\"http:\/\/realnews-beilngries.de\/wp-content\/uploads\/2022\/12\/DSC_2950-1024x578.jpg 1024w, http:\/\/realnews-beilngries.de\/wp-content\/uploads\/2022\/12\/DSC_2950-300x169.jpg 300w, http:\/\/realnews-beilngries.de\/wp-content\/uploads\/2022\/12\/DSC_2950-768x433.jpg 768w, http:\/\/realnews-beilngries.de\/wp-content\/uploads\/2022\/12\/DSC_2950-1536x867.jpg 1536w, http:\/\/realnews-beilngries.de\/wp-content\/uploads\/2022\/12\/DSC_2950-2048x1155.jpg 2048w\" sizes=\"(max-width: 1024px) 100vw, 1024px\" \/><\/figure><\/div>\n\n\n\n<p>Gestaltet wurde der Gottesdienst von der Schul-Big-Band, welche die Lieder \u201eWe wish you a merry christmas\u201c und \u201eTochter Zion\u201c zur Auff\u00fchrung brachte. Au\u00dferdem spielten Annika Hofmann und Maximilian B\u00fcrk mit ihren Trompeten \u201eEn Stjene Skinner i Natt\u201c. Unsere Lieblingslehrer\/in Frau Diepold und Herr Staudigl sangen au\u00dferdem \u201eAuld lang syne\u201c und \u201eLean on me\u201c. \ud83d\ude42<\/p>\n","protected":false},"excerpt":{"rendered":"<p>Am 20.12.2022 wurde der traditionelle Jahresschluss-Gottesdienst vor Heilig Abend von Pater Christoph zusammen mit den Sch\u00fclerinnen und Sch\u00fclern sowie Lehrkr\u00e4ften aus allen Jahrgangsstufen gehalten \u2013<\/p>\n","protected":false},"author":19,"featured_media":3440,"comment_status":"open","ping_status":"open","sticky":false,"template":"","format":"standard","meta":[],"categories":[2],"tags":[189],"_links":{"self":[{"href":"http:\/\/realnews-beilngries.de\/index.php?rest_route=\/wp\/v2\/posts\/3439"}],"collection":[{"href":"http:\/\/realnews-beilngries.de\/index.php?rest_route=\/wp\/v2\/posts"}],"about":[{"href":"http:\/\/realnews-beilngries.de\/index.php?rest_route=\/wp\/v2\/types\/post"}],"author":[{"embeddable":true,"href":"http:\/\/realnews-beilngries.de\/index.php?rest_route=\/wp\/v2\/users\/19"}],"replies":[{"embeddable":true,"href":"http:\/\/realnews-beilngries.de\/index.php?rest_route=%2Fwp%2Fv2%2Fcomments&post=3439"}],"version-history":[{"count":1,"href":"http:\/\/realnews-beilngries.de\/index.php?rest_route=\/wp\/v2\/posts\/3439\/revisions"}],"predecessor-version":[{"id":3442,"href":"http:\/\/realnews-beilngries.de\/index.php?rest_route=\/wp\/v2\/posts\/3439\/revisions\/3442"}],"wp:featuredmedia":[{"embeddable":true,"href":"http:\/\/realnews-beilngries.de\/index.php?rest_route=\/wp\/v2\/media\/3440"}],"wp:attachment":[{"href":"http:\/\/realnews-beilngries.de\/index.php?rest_route=%2Fwp%2Fv2%2Fmedia&parent=3439"}],"wp:term":[{"taxonomy":"category","embeddable":true,"href":"http:\/\/realnews-beilngries.de\/index.php?rest_route=%2Fwp%2Fv2%2Fcategories&post=3439"},{"taxonomy":"post_tag","embeddable":true,"href":"http:\/\/realnews-beilngries.de\/index.php?rest_route=%2Fwp%2Fv2%2Ftags&post=3439"}],"curies":[{"name":"wp","href":"https:\/\/api.w.org\/{rel}","templated":true}]}}