{"id":3261,"date":"2022-11-17T21:11:59","date_gmt":"2022-11-17T20:11:59","guid":{"rendered":"http:\/\/realnews-beilngries.de\/?p=3261"},"modified":"2022-11-17T21:11:59","modified_gmt":"2022-11-17T20:11:59","slug":"baeume-pflanzen-fuer-die-zukunft","status":"publish","type":"post","link":"http:\/\/realnews-beilngries.de\/?p=3261","title":{"rendered":"B\u00e4ume pflanzen f\u00fcr die Zukunft!"},"content":{"rendered":"\n<p><em><strong>Zu Beginn dieser Woche machte sich die Klasse 5c bei strahlendem Sonnenschein auf den Weg zum Arzberg. Oben am Parkplatz erhitzt und au\u00dfer Atem angekommen, wurden sie bereits von F\u00f6rster Jakob Hiller mit H\u00fcndin Ilvy und dem Forstwirt Andreas Kohout erwartet&#8230;<\/strong> (Ein Beitrag von Frau Knon.)<\/em><\/p>\n\n\n\n<p>Ziel der F\u00fcnftkl\u00e4ssler*innen war ein eingez\u00e4untes Waldgebiet, in dem 50 Elsbeeren gesetzt werden sollten. Man hatte sich f\u00fcr diesen Baum entschieden, da er sehr gut an die sich \u00e4ndernden Umweltbedingungen angepasst ist. Die Pflanze vertr\u00e4gt Hitze und Trockenheit und ist deshalb ein idealer \u201eZukunftsbaum\u201c.<\/p>\n\n\n\n<div class=\"wp-block-image\"><figure class=\"aligncenter size-large\"><img decoding=\"async\" loading=\"lazy\" width=\"624\" height=\"463\" src=\"http:\/\/realnews-beilngries.de\/wp-content\/uploads\/2022\/11\/Baum-2.jpg\" alt=\"\" class=\"wp-image-3262\" srcset=\"http:\/\/realnews-beilngries.de\/wp-content\/uploads\/2022\/11\/Baum-2.jpg 624w, http:\/\/realnews-beilngries.de\/wp-content\/uploads\/2022\/11\/Baum-2-300x223.jpg 300w\" sizes=\"(max-width: 624px) 100vw, 624px\" \/><\/figure><\/div>\n\n\n\n<p>Unter der Anleitung von Herrn Kohout lernten die Sch\u00fclerinnen und Sch\u00fcler, worauf sie beim Pflanzen der B\u00e4ume achten m\u00fcssen. Da der Waldboden unter anderem aus vielen gro\u00dfen Steinen besteht, musste der Forstwirt diese erst einmal mit einer Spitzhacke zerkleinern, damit die Kinder wieder weiter an ihrem Pflanzloch graben konnten.<\/p>\n\n\n\n<div class=\"wp-block-image\"><figure class=\"aligncenter size-large\"><img decoding=\"async\" loading=\"lazy\" width=\"530\" height=\"398\" src=\"http:\/\/realnews-beilngries.de\/wp-content\/uploads\/2022\/11\/Baum-3.jpg\" alt=\"\" class=\"wp-image-3263\" srcset=\"http:\/\/realnews-beilngries.de\/wp-content\/uploads\/2022\/11\/Baum-3.jpg 530w, http:\/\/realnews-beilngries.de\/wp-content\/uploads\/2022\/11\/Baum-3-300x225.jpg 300w\" sizes=\"(max-width: 530px) 100vw, 530px\" \/><\/figure><\/div>\n\n\n\n<p>Nach und nach pflanzten alle mit gro\u00dfer Leidenschaft ihre Setzlinge ein. Eine Schutzh\u00fclle brauchten die B\u00e4umchen nicht, da das Pflanzareal bereits eingez\u00e4unt war und so die Bl\u00e4tter, Knospen und die Rinde von den Rehen nicht angeknabbert werden k\u00f6nnen. \u00dcber die Jahre sollen die wachsenden Elsbeeren dann von den Sch\u00fclerinnen und Sch\u00fclern gepflegt und begleitet werden.<\/p>\n\n\n\n<figure class=\"is-layout-flex wp-block-gallery-1 wp-block-gallery columns-2 is-cropped\"><ul class=\"blocks-gallery-grid\"><li class=\"blocks-gallery-item\"><figure><img decoding=\"async\" loading=\"lazy\" width=\"548\" height=\"411\" src=\"http:\/\/realnews-beilngries.de\/wp-content\/uploads\/2022\/11\/Baum-4-1.jpg\" alt=\"\" data-id=\"3265\" data-full-url=\"http:\/\/realnews-beilngries.de\/wp-content\/uploads\/2022\/11\/Baum-4-1.jpg\" data-link=\"http:\/\/realnews-beilngries.de\/?attachment_id=3265\" class=\"wp-image-3265\" srcset=\"http:\/\/realnews-beilngries.de\/wp-content\/uploads\/2022\/11\/Baum-4-1.jpg 548w, http:\/\/realnews-beilngries.de\/wp-content\/uploads\/2022\/11\/Baum-4-1-300x225.jpg 300w\" sizes=\"(max-width: 548px) 100vw, 548px\" \/><\/figure><\/li><li class=\"blocks-gallery-item\"><figure><img decoding=\"async\" loading=\"lazy\" width=\"653\" height=\"490\" src=\"http:\/\/realnews-beilngries.de\/wp-content\/uploads\/2022\/11\/Baum-5.jpg\" alt=\"\" data-id=\"3266\" data-full-url=\"http:\/\/realnews-beilngries.de\/wp-content\/uploads\/2022\/11\/Baum-5.jpg\" data-link=\"http:\/\/realnews-beilngries.de\/?attachment_id=3266\" class=\"wp-image-3266\" srcset=\"http:\/\/realnews-beilngries.de\/wp-content\/uploads\/2022\/11\/Baum-5.jpg 653w, http:\/\/realnews-beilngries.de\/wp-content\/uploads\/2022\/11\/Baum-5-300x225.jpg 300w\" sizes=\"(max-width: 653px) 100vw, 653px\" \/><\/figure><\/li><\/ul><\/figure>\n\n\n\n<p>Gut sichtbar f\u00fcr jeden wurde ein Holzbrett an einem Baumstamm befestigt, auf dem zu lesen ist, dass die Klasse 5c unserer Schule im Schuljahr 2022\/2023 an dieser Stelle B\u00e4ume gepflanzt hat. Die tolle Gestaltung des Brettes wurde von Frau Palmer und einer Gruppe ihrer Sch\u00fclerinnen und Sch\u00fcler \u00fcbernommen.<\/p>\n\n\n\n<div class=\"wp-block-image\"><figure class=\"aligncenter size-large\"><img decoding=\"async\" loading=\"lazy\" width=\"1024\" height=\"770\" src=\"http:\/\/realnews-beilngries.de\/wp-content\/uploads\/2022\/11\/Baum-1-1024x770.jpg\" alt=\"\" class=\"wp-image-3267\" srcset=\"http:\/\/realnews-beilngries.de\/wp-content\/uploads\/2022\/11\/Baum-1-1024x770.jpg 1024w, http:\/\/realnews-beilngries.de\/wp-content\/uploads\/2022\/11\/Baum-1-300x225.jpg 300w, http:\/\/realnews-beilngries.de\/wp-content\/uploads\/2022\/11\/Baum-1-768x577.jpg 768w, http:\/\/realnews-beilngries.de\/wp-content\/uploads\/2022\/11\/Baum-1-rotated.jpg 1107w\" sizes=\"(max-width: 1024px) 100vw, 1024px\" \/><\/figure><\/div>\n\n\n\n<p>Beim Pflanzen der \u201eZukunftsb\u00e4umchen\u201c waren die Kinder mit Feuereifer dabei. \u201eIch wusste gar nicht, dass das Buddeln von L\u00f6chern solchen Spa\u00df machen kann\u201c, so eine Sch\u00fclerin. Dass man bei so einer Aktion nicht nur Riesenspa\u00df haben, sondern auch noch einen Beitrag f\u00fcr das Klima leisten kann, wurde den Sch\u00fclerinnen und Sch\u00fclern ebenfalls bewusst. Mit jedem gepflanzten Baum trugen die Kinder dazu bei, dass auch zuk\u00fcnftige Generationen in einer lebenswerten Welt leben k\u00f6nnen.<\/p>\n","protected":false},"excerpt":{"rendered":"<p>Zu Beginn dieser Woche machte sich die Klasse 5c bei strahlendem Sonnenschein auf den Weg zum Arzberg. Oben am Parkplatz erhitzt und au\u00dfer Atem angekommen,<\/p>\n","protected":false},"author":19,"featured_media":3267,"comment_status":"open","ping_status":"open","sticky":false,"template":"","format":"standard","meta":[],"categories":[6],"tags":[184],"_links":{"self":[{"href":"http:\/\/realnews-beilngries.de\/index.php?rest_route=\/wp\/v2\/posts\/3261"}],"collection":[{"href":"http:\/\/realnews-beilngries.de\/index.php?rest_route=\/wp\/v2\/posts"}],"about":[{"href":"http:\/\/realnews-beilngries.de\/index.php?rest_route=\/wp\/v2\/types\/post"}],"author":[{"embeddable":true,"href":"http:\/\/realnews-beilngries.de\/index.php?rest_route=\/wp\/v2\/users\/19"}],"replies":[{"embeddable":true,"href":"http:\/\/realnews-beilngries.de\/index.php?rest_route=%2Fwp%2Fv2%2Fcomments&post=3261"}],"version-history":[{"count":1,"href":"http:\/\/realnews-beilngries.de\/index.php?rest_route=\/wp\/v2\/posts\/3261\/revisions"}],"predecessor-version":[{"id":3268,"href":"http:\/\/realnews-beilngries.de\/index.php?rest_route=\/wp\/v2\/posts\/3261\/revisions\/3268"}],"wp:featuredmedia":[{"embeddable":true,"href":"http:\/\/realnews-beilngries.de\/index.php?rest_route=\/wp\/v2\/media\/3267"}],"wp:attachment":[{"href":"http:\/\/realnews-beilngries.de\/index.php?rest_route=%2Fwp%2Fv2%2Fmedia&parent=3261"}],"wp:term":[{"taxonomy":"category","embeddable":true,"href":"http:\/\/realnews-beilngries.de\/index.php?rest_route=%2Fwp%2Fv2%2Fcategories&post=3261"},{"taxonomy":"post_tag","embeddable":true,"href":"http:\/\/realnews-beilngries.de\/index.php?rest_route=%2Fwp%2Fv2%2Ftags&post=3261"}],"curies":[{"name":"wp","href":"https:\/\/api.w.org\/{rel}","templated":true}]}}