{"id":3257,"date":"2022-11-17T17:45:25","date_gmt":"2022-11-17T16:45:25","guid":{"rendered":"http:\/\/realnews-beilngries.de\/?p=3257"},"modified":"2022-11-17T17:45:25","modified_gmt":"2022-11-17T16:45:25","slug":"berlin-wir-sind-da","status":"publish","type":"post","link":"http:\/\/realnews-beilngries.de\/?p=3257","title":{"rendered":"Berlin, wir sind da!"},"content":{"rendered":"\n<p><em><strong>Von Mittwoch bis Freitag in dieser Woche besucht eine Sch\u00fcler*innen-Delegation aus den 10. Klassen die Hauptstadt: Hintergrund ist ein landesweiter Wettbewerb, bei dem unsere Realschule die Reise gewonnen hat&#8230;<\/strong><\/em><\/p>\n\n\n\n<p>Die ausgew\u00e4hlten Sch\u00fcler und Sch\u00fclerinnen der 10. Klassen versammelten sich am Morgen des 16.11. am Ingolstadt Hbf., um nach Berlin zu reisen. Nach einer entspannten, aber versp\u00e4teten Zugfahrt kamen sie dort an. Die Jugendlichen und die sie begleitenden Lehrkr\u00e4fte Frau Kindler und Herr Schiekofer bezogen ihre\u00a0Zimmer und machten sich dann auf, die Hauptstadt zu erkunden &#8230; Fortsetzung folgt. \ud83d\ude09<\/p>\n","protected":false},"excerpt":{"rendered":"<p>Von Mittwoch bis Freitag in dieser Woche besucht eine Sch\u00fcler*innen-Delegation aus den 10. Klassen die Hauptstadt: Hintergrund ist ein landesweiter Wettbewerb, bei dem unsere Realschule<\/p>\n","protected":false},"author":19,"featured_media":3259,"comment_status":"open","ping_status":"open","sticky":false,"template":"","format":"standard","meta":[],"categories":[6],"tags":[183],"_links":{"self":[{"href":"http:\/\/realnews-beilngries.de\/index.php?rest_route=\/wp\/v2\/posts\/3257"}],"collection":[{"href":"http:\/\/realnews-beilngries.de\/index.php?rest_route=\/wp\/v2\/posts"}],"about":[{"href":"http:\/\/realnews-beilngries.de\/index.php?rest_route=\/wp\/v2\/types\/post"}],"author":[{"embeddable":true,"href":"http:\/\/realnews-beilngries.de\/index.php?rest_route=\/wp\/v2\/users\/19"}],"replies":[{"embeddable":true,"href":"http:\/\/realnews-beilngries.de\/index.php?rest_route=%2Fwp%2Fv2%2Fcomments&post=3257"}],"version-history":[{"count":3,"href":"http:\/\/realnews-beilngries.de\/index.php?rest_route=\/wp\/v2\/posts\/3257\/revisions"}],"predecessor-version":[{"id":4428,"href":"http:\/\/realnews-beilngries.de\/index.php?rest_route=\/wp\/v2\/posts\/3257\/revisions\/4428"}],"wp:featuredmedia":[{"embeddable":true,"href":"http:\/\/realnews-beilngries.de\/index.php?rest_route=\/wp\/v2\/media\/3259"}],"wp:attachment":[{"href":"http:\/\/realnews-beilngries.de\/index.php?rest_route=%2Fwp%2Fv2%2Fmedia&parent=3257"}],"wp:term":[{"taxonomy":"category","embeddable":true,"href":"http:\/\/realnews-beilngries.de\/index.php?rest_route=%2Fwp%2Fv2%2Fcategories&post=3257"},{"taxonomy":"post_tag","embeddable":true,"href":"http:\/\/realnews-beilngries.de\/index.php?rest_route=%2Fwp%2Fv2%2Ftags&post=3257"}],"curies":[{"name":"wp","href":"https:\/\/api.w.org\/{rel}","templated":true}]}}