{"id":3231,"date":"2022-11-13T18:57:28","date_gmt":"2022-11-13T17:57:28","guid":{"rendered":"http:\/\/realnews-beilngries.de\/?p=3231"},"modified":"2022-11-13T18:57:28","modified_gmt":"2022-11-13T17:57:28","slug":"gesundes-gemeinsam-geniessen-der-obst-und-gemuesetag","status":"publish","type":"post","link":"http:\/\/realnews-beilngries.de\/?p=3231","title":{"rendered":"Gesundes gemeinsam genie\u00dfen \u2013 der Obst- und Gem\u00fcsetag!"},"content":{"rendered":"\n<p><strong><em>Auch in diesem Schuljahr findet wieder einmal im Monat in den verschiedenen Jahrgangsstufen ein Obst- und Gem\u00fcsetag statt. Die Willibald-Schmidt-Stiftung in Beilngries erm\u00f6glichte mit ihrer gro\u00dfz\u00fcgigen Spende nicht nur den Kauf von frischem Obst und Gem\u00fcse, sondern auch die Anschaffung verschiedener Utensilien wie Sch\u00fcsseln, Messer, Glasbeh\u00e4lter, Siebe zur Vorbereitung der Vitaminbomben &#8230;<\/em><\/strong><em> (Ein Beitrag von Frau Knon.)<\/em><\/p>\n\n\n\n<div class=\"wp-block-image\"><figure class=\"aligncenter size-large is-resized\"><img decoding=\"async\" loading=\"lazy\" src=\"http:\/\/realnews-beilngries.de\/wp-content\/uploads\/2022\/11\/Bild-1-1024x768.jpg\" alt=\"\" class=\"wp-image-3232\" width=\"638\" height=\"478\" srcset=\"http:\/\/realnews-beilngries.de\/wp-content\/uploads\/2022\/11\/Bild-1-1024x768.jpg 1024w, http:\/\/realnews-beilngries.de\/wp-content\/uploads\/2022\/11\/Bild-1-300x225.jpg 300w, http:\/\/realnews-beilngries.de\/wp-content\/uploads\/2022\/11\/Bild-1-768x576.jpg 768w, http:\/\/realnews-beilngries.de\/wp-content\/uploads\/2022\/11\/Bild-1.jpg 1386w\" sizes=\"(max-width: 638px) 100vw, 638px\" \/><figcaption>Unsere flei\u00dfigen Herferinnen&#8230;<\/figcaption><\/figure><\/div>\n\n\n\n<p>Einmal pro Monat waschen, sch\u00e4len und schnippeln Frau Knon, Frau Bauer-Schaffer, ihre Tochter (und ehemalige Sch\u00fclerin) Franziska sowie Frau Bischoff vom Elternbeirat saisonales und regionales Obst und Gem\u00fcse, das vom Gesch\u00e4ft \u201eRudeks Obst- und Gem\u00fcseland\u201c in Beilngries bezogen wird.<\/p>\n\n\n\n<p>P\u00fcnktlich zur ersten Pause k\u00f6nnen die appetitlich angerichteten Sch\u00fcsseln mit \u00c4pfeln, Bananen, M\u00f6hren, Paprika, Gurken und Weintrauben in den Klassenzimmern verteilt werden.<\/p>\n\n\n\n<div class=\"wp-block-image\"><figure class=\"aligncenter size-large\"><img decoding=\"async\" loading=\"lazy\" width=\"1024\" height=\"578\" src=\"http:\/\/realnews-beilngries.de\/wp-content\/uploads\/2022\/10\/DSC_2895-1024x578.jpg\" alt=\"\" class=\"wp-image-3166\" srcset=\"http:\/\/realnews-beilngries.de\/wp-content\/uploads\/2022\/10\/DSC_2895-1024x578.jpg 1024w, http:\/\/realnews-beilngries.de\/wp-content\/uploads\/2022\/10\/DSC_2895-300x169.jpg 300w, http:\/\/realnews-beilngries.de\/wp-content\/uploads\/2022\/10\/DSC_2895-768x433.jpg 768w, http:\/\/realnews-beilngries.de\/wp-content\/uploads\/2022\/10\/DSC_2895-1536x867.jpg 1536w, http:\/\/realnews-beilngries.de\/wp-content\/uploads\/2022\/10\/DSC_2895-2048x1155.jpg 2048w\" sizes=\"(max-width: 1024px) 100vw, 1024px\" \/><figcaption>Gro\u00dfer Andrang auf das frische Obst und Gem\u00fcse herrschte im Oktober bereits in den 5. Klassen&#8230;<\/figcaption><\/figure><\/div>\n\n\n\n<p>Nachdem im Oktober die 5. Klassen dran waren, sind am 15. November die 6. an der Reihe \u2013 <em>Realnews-Beilngries.de<\/em> w\u00fcnscht guten Appetit!<\/p>\n","protected":false},"excerpt":{"rendered":"<p>Auch in diesem Schuljahr findet wieder einmal im Monat in den verschiedenen Jahrgangsstufen ein Obst- und Gem\u00fcsetag statt. Die Willibald-Schmidt-Stiftung in Beilngries erm\u00f6glichte mit ihrer<\/p>\n","protected":false},"author":19,"featured_media":3165,"comment_status":"open","ping_status":"open","sticky":false,"template":"","format":"standard","meta":[],"categories":[2],"tags":[137],"_links":{"self":[{"href":"http:\/\/realnews-beilngries.de\/index.php?rest_route=\/wp\/v2\/posts\/3231"}],"collection":[{"href":"http:\/\/realnews-beilngries.de\/index.php?rest_route=\/wp\/v2\/posts"}],"about":[{"href":"http:\/\/realnews-beilngries.de\/index.php?rest_route=\/wp\/v2\/types\/post"}],"author":[{"embeddable":true,"href":"http:\/\/realnews-beilngries.de\/index.php?rest_route=\/wp\/v2\/users\/19"}],"replies":[{"embeddable":true,"href":"http:\/\/realnews-beilngries.de\/index.php?rest_route=%2Fwp%2Fv2%2Fcomments&post=3231"}],"version-history":[{"count":1,"href":"http:\/\/realnews-beilngries.de\/index.php?rest_route=\/wp\/v2\/posts\/3231\/revisions"}],"predecessor-version":[{"id":3233,"href":"http:\/\/realnews-beilngries.de\/index.php?rest_route=\/wp\/v2\/posts\/3231\/revisions\/3233"}],"wp:featuredmedia":[{"embeddable":true,"href":"http:\/\/realnews-beilngries.de\/index.php?rest_route=\/wp\/v2\/media\/3165"}],"wp:attachment":[{"href":"http:\/\/realnews-beilngries.de\/index.php?rest_route=%2Fwp%2Fv2%2Fmedia&parent=3231"}],"wp:term":[{"taxonomy":"category","embeddable":true,"href":"http:\/\/realnews-beilngries.de\/index.php?rest_route=%2Fwp%2Fv2%2Fcategories&post=3231"},{"taxonomy":"post_tag","embeddable":true,"href":"http:\/\/realnews-beilngries.de\/index.php?rest_route=%2Fwp%2Fv2%2Ftags&post=3231"}],"curies":[{"name":"wp","href":"https:\/\/api.w.org\/{rel}","templated":true}]}}