{"id":3214,"date":"2022-11-10T12:28:35","date_gmt":"2022-11-10T11:28:35","guid":{"rendered":"http:\/\/realnews-beilngries.de\/?p=3214"},"modified":"2022-11-11T14:15:10","modified_gmt":"2022-11-11T13:15:10","slug":"herbst-von-juli-das-kuenstlerische-kalenderblatt","status":"publish","type":"post","link":"http:\/\/realnews-beilngries.de\/?p=3214","title":{"rendered":"&#8222;Herbst&#8220; von Julie &#8211; das k\u00fcnstlerische Kalenderblatt."},"content":{"rendered":"\n<p><em><strong>Lesen, rechnen, schreiben &#8211; all das lernt ihr selbstverst\u00e4ndlich an unserer ARB. Wer aber mit offenen Augen durch das Schulhaus geht, kann schnell erkennen, dass noch ganz andere Talente in vielen von euch schlummern. Zum Beispiel k\u00f6nnen einige super zeichnen &#8211; wie Julie, die euch ihr neuestes Werk &#8222;Herbst&#8220; vorstellt:<\/strong><\/em><\/p>\n\n\n\n<p>Hey zusammen, mein Name ist Julie! Da das mein erster Post im Schulblog ist, stelle ich mich am besten kurz vor. Ich bin 14 Jahre alt, gehe in die 8. Klasse und meine absolute Leidenschaft ist das Zeichnen. Aus diesem Grund bin ich auch hier gelandet! \ud83d\ude09 Jeden zweiten Monat gibt\u00b4s jetzt f\u00fcr euch ein Bild, das beschreibt, was bei mir in den letzten Wochen so abging. Dieses Mal hat mein Bild mehrere Bedeutungen. <\/p>\n\n\n\n<div class=\"wp-block-image\"><figure class=\"aligncenter size-large is-resized\"><img decoding=\"async\" loading=\"lazy\" src=\"http:\/\/realnews-beilngries.de\/wp-content\/uploads\/2022\/11\/Spiegel.jpg\" alt=\"\" class=\"wp-image-3220\" width=\"103\" height=\"370\"\/><\/figure><\/div>\n\n\n\n<p>Ganz klar zu erkennen ist nat\u00fcrlich das au\u00dfergew\u00f6hnliche Spiegelbild, das eindeutig nicht das zeigt, was es zeigen sollte. Im September\/Oktober beginnt eine kalte, f\u00fcr mich auch ziemlich ungem\u00fctliche Jahreszeit &#8211; genau, der Herbst. Das sollen auch die gef\u00e4rbten Bl\u00e4tter symbolisieren, die um das M\u00e4dchen im Spiegel wehen.<\/p>\n\n\n\n<div class=\"wp-block-image\"><figure class=\"aligncenter size-large is-resized\"><img decoding=\"async\" loading=\"lazy\" src=\"http:\/\/realnews-beilngries.de\/wp-content\/uploads\/2022\/11\/Daemonin.jpg\" alt=\"\" class=\"wp-image-3221\" width=\"127\" height=\"258\" srcset=\"http:\/\/realnews-beilngries.de\/wp-content\/uploads\/2022\/11\/Daemonin.jpg 316w, http:\/\/realnews-beilngries.de\/wp-content\/uploads\/2022\/11\/Daemonin-147x300.jpg 147w\" sizes=\"(max-width: 127px) 100vw, 127px\" \/><\/figure><\/div>\n\n\n\n<p>Und welches Fest feiern wir im Herbst? Kleiner Tipp: Urspr\u00fcnglich kommt es aus Amerika und zum Auff\u00fcllen der S\u00fc\u00dfigkeitenvorr\u00e4te ist es prima geeignet &#8230; richtig, Halloween! Deswegen be\u00e4ugt sich gerade eine h\u00fcbsche D\u00e4monin im Spiegel. Fragt sich nur noch: Warum erscheint dann dort ein ganz normaler Mensch? Damit will ich darstellen, dass das M\u00e4dchen nur verkleidet ist, au\u00dferdem geht es um die Selbstwahrnehmung, also wie sie sich selbst sieht. Der selbstbewusste Stand, der vertr\u00e4umte Blick und das freundliche L\u00e4cheln beschreiben ihre Pers\u00f6nlichkeit.<\/p>\n\n\n\n<div class=\"wp-block-image\"><figure class=\"aligncenter size-large is-resized\"><img decoding=\"async\" loading=\"lazy\" src=\"http:\/\/realnews-beilngries.de\/wp-content\/uploads\/2022\/11\/Beide.jpg\" alt=\"\" class=\"wp-image-3222\" width=\"306\" height=\"370\" srcset=\"http:\/\/realnews-beilngries.de\/wp-content\/uploads\/2022\/11\/Beide.jpg 616w, http:\/\/realnews-beilngries.de\/wp-content\/uploads\/2022\/11\/Beide-248x300.jpg 248w\" sizes=\"(max-width: 306px) 100vw, 306px\" \/><\/figure><\/div>\n\n\n\n<p>Vielleicht fragst du dich ja auch mal selbst: Wie sehe ich mich? Bin das wirklich ich? Gef\u00e4llt mir, was ich sehe? Und falls nein: Wie kann ich das \u00e4ndern? Bei all diesen Fragen ist jedoch eins immer wichtig: Sei immer du selbst, alle anderen gibt es ja schon. \ud83d\ude09<\/p>\n\n\n\n<p>Ich freue mich, wenn euch das Bild gef\u00e4llt! Bis zum n\u00e4chsten Mal, eure Julie!<\/p>\n","protected":false},"excerpt":{"rendered":"<p>Lesen, rechnen, schreiben &#8211; all das lernt ihr selbstverst\u00e4ndlich an unserer ARB. Wer aber mit offenen Augen durch das Schulhaus geht, kann schnell erkennen, dass<\/p>\n","protected":false},"author":19,"featured_media":3219,"comment_status":"open","ping_status":"open","sticky":false,"template":"","format":"standard","meta":[],"categories":[5],"tags":[181],"_links":{"self":[{"href":"http:\/\/realnews-beilngries.de\/index.php?rest_route=\/wp\/v2\/posts\/3214"}],"collection":[{"href":"http:\/\/realnews-beilngries.de\/index.php?rest_route=\/wp\/v2\/posts"}],"about":[{"href":"http:\/\/realnews-beilngries.de\/index.php?rest_route=\/wp\/v2\/types\/post"}],"author":[{"embeddable":true,"href":"http:\/\/realnews-beilngries.de\/index.php?rest_route=\/wp\/v2\/users\/19"}],"replies":[{"embeddable":true,"href":"http:\/\/realnews-beilngries.de\/index.php?rest_route=%2Fwp%2Fv2%2Fcomments&post=3214"}],"version-history":[{"count":4,"href":"http:\/\/realnews-beilngries.de\/index.php?rest_route=\/wp\/v2\/posts\/3214\/revisions"}],"predecessor-version":[{"id":3235,"href":"http:\/\/realnews-beilngries.de\/index.php?rest_route=\/wp\/v2\/posts\/3214\/revisions\/3235"}],"wp:featuredmedia":[{"embeddable":true,"href":"http:\/\/realnews-beilngries.de\/index.php?rest_route=\/wp\/v2\/media\/3219"}],"wp:attachment":[{"href":"http:\/\/realnews-beilngries.de\/index.php?rest_route=%2Fwp%2Fv2%2Fmedia&parent=3214"}],"wp:term":[{"taxonomy":"category","embeddable":true,"href":"http:\/\/realnews-beilngries.de\/index.php?rest_route=%2Fwp%2Fv2%2Fcategories&post=3214"},{"taxonomy":"post_tag","embeddable":true,"href":"http:\/\/realnews-beilngries.de\/index.php?rest_route=%2Fwp%2Fv2%2Ftags&post=3214"}],"curies":[{"name":"wp","href":"https:\/\/api.w.org\/{rel}","templated":true}]}}