{"id":3207,"date":"2022-11-06T14:06:52","date_gmt":"2022-11-06T13:06:52","guid":{"rendered":"http:\/\/realnews-beilngries.de\/?p=3207"},"modified":"2022-11-06T14:06:52","modified_gmt":"2022-11-06T13:06:52","slug":"unsere-letzte-ernte-in-diesem-jahr-schnittlauch-und-minze","status":"publish","type":"post","link":"http:\/\/realnews-beilngries.de\/?p=3207","title":{"rendered":"Unsere letzte Ernte in diesem Jahr: Schnittlauch und Minze"},"content":{"rendered":"\n<p><em><strong>Die Klasse 5c hatte unsere Hochbeete bereits vor einiger Zeit abger\u00e4umt. Dennoch konnten die Sch\u00fclerinnen und Sch\u00fcler der 6a ein letztes Mal in diesem Kalenderjahr ernten. Schnittlauch und Minze gediehen n\u00e4mlich noch pr\u00e4chtig.<\/strong> (Ein Bericht von Frau Knon.)<\/em><\/p>\n\n\n\n<p>Der Schnittlauch wurde wie im Schuljahr zuvor auf frisch mit Butter oder Frischk\u00e4se bestrichene Brote gestreut. Dazu kamen alle Kinder mit Brotscheiben, Messer, Teller, Serviette und Getr\u00e4nk in das Sch\u00fclercaf\u00e9 und bereiteten sich die leckeren \u201eSchnittchen\u201c zu.<\/p>\n\n\n\n<p>Die Minze wurde ebenfalls geerntet, gewaschen und in B\u00fcscheln zusammen an einem Faden zum Trocknen aufgeh\u00e4ngt. Daraus wird in der kalten Jahreszeit ein wohltuender Tee hergestellt.<\/p>\n\n\n\n<figure class=\"is-layout-flex wp-block-gallery-1 wp-block-gallery columns-2 is-cropped\"><ul class=\"blocks-gallery-grid\"><li class=\"blocks-gallery-item\"><figure><img decoding=\"async\" loading=\"lazy\" width=\"547\" height=\"411\" src=\"http:\/\/realnews-beilngries.de\/wp-content\/uploads\/2022\/11\/Ernte-3.jpg\" alt=\"\" data-id=\"3208\" data-full-url=\"http:\/\/realnews-beilngries.de\/wp-content\/uploads\/2022\/11\/Ernte-3.jpg\" data-link=\"http:\/\/realnews-beilngries.de\/?attachment_id=3208\" class=\"wp-image-3208\" srcset=\"http:\/\/realnews-beilngries.de\/wp-content\/uploads\/2022\/11\/Ernte-3.jpg 547w, http:\/\/realnews-beilngries.de\/wp-content\/uploads\/2022\/11\/Ernte-3-300x225.jpg 300w\" sizes=\"(max-width: 547px) 100vw, 547px\" \/><\/figure><\/li><li class=\"blocks-gallery-item\"><figure><img decoding=\"async\" loading=\"lazy\" width=\"398\" height=\"578\" src=\"http:\/\/realnews-beilngries.de\/wp-content\/uploads\/2022\/11\/Ernte-4.jpg\" alt=\"\" data-id=\"3209\" data-full-url=\"http:\/\/realnews-beilngries.de\/wp-content\/uploads\/2022\/11\/Ernte-4.jpg\" data-link=\"http:\/\/realnews-beilngries.de\/?attachment_id=3209\" class=\"wp-image-3209\" srcset=\"http:\/\/realnews-beilngries.de\/wp-content\/uploads\/2022\/11\/Ernte-4.jpg 398w, http:\/\/realnews-beilngries.de\/wp-content\/uploads\/2022\/11\/Ernte-4-207x300.jpg 207w\" sizes=\"(max-width: 398px) 100vw, 398px\" \/><\/figure><\/li><\/ul><\/figure>\n\n\n\n<p><\/p>\n\n\n\n<p>Die Kinder haben die Zubereitung dieser gesunden Mahlzeit mit frischen Zutaten aus dem eigenen Hochbeet und das gemeinsame Essen sehr genossen. Das, was selbst angebaut wird, schmeckt auch gleich viel besser. Au\u00dferdem konnten die Sch\u00fclerinnen und Sch\u00fcler ihren sachgem\u00e4\u00dfen Umgang mit K\u00fcchenutensilien unter Beweis stellen. Wer schneidet die Schnittlauchr\u00f6llchen am feinsten her?\u2026<\/p>\n\n\n\n<p>Alles in allem war es ein sehr sch\u00f6ner Abschluss f\u00fcr das erste Jahr mit unseren Hochbeeten. Die Sch\u00fclerinnen und Sch\u00fcler freuen sich auf alle F\u00e4lle schon wieder auf die n\u00e4chste leckere Mahlzeit: \u201eWann gibt\u2019s wieder Schnittlauchbrote?\u201c\u2026<\/p>\n\n\n\n<div class=\"wp-block-image\"><figure class=\"aligncenter size-large\"><img decoding=\"async\" loading=\"lazy\" width=\"684\" height=\"450\" src=\"http:\/\/realnews-beilngries.de\/wp-content\/uploads\/2022\/11\/Ernte-2.jpg\" alt=\"\" class=\"wp-image-3211\" srcset=\"http:\/\/realnews-beilngries.de\/wp-content\/uploads\/2022\/11\/Ernte-2.jpg 684w, http:\/\/realnews-beilngries.de\/wp-content\/uploads\/2022\/11\/Ernte-2-300x197.jpg 300w\" sizes=\"(max-width: 684px) 100vw, 684px\" \/><\/figure><\/div>\n","protected":false},"excerpt":{"rendered":"<p>Die Klasse 5c hatte unsere Hochbeete bereits vor einiger Zeit abger\u00e4umt. Dennoch konnten die Sch\u00fclerinnen und Sch\u00fcler der 6a ein letztes Mal in diesem Kalenderjahr<\/p>\n","protected":false},"author":19,"featured_media":3210,"comment_status":"open","ping_status":"open","sticky":false,"template":"","format":"standard","meta":[],"categories":[5],"tags":[158],"_links":{"self":[{"href":"http:\/\/realnews-beilngries.de\/index.php?rest_route=\/wp\/v2\/posts\/3207"}],"collection":[{"href":"http:\/\/realnews-beilngries.de\/index.php?rest_route=\/wp\/v2\/posts"}],"about":[{"href":"http:\/\/realnews-beilngries.de\/index.php?rest_route=\/wp\/v2\/types\/post"}],"author":[{"embeddable":true,"href":"http:\/\/realnews-beilngries.de\/index.php?rest_route=\/wp\/v2\/users\/19"}],"replies":[{"embeddable":true,"href":"http:\/\/realnews-beilngries.de\/index.php?rest_route=%2Fwp%2Fv2%2Fcomments&post=3207"}],"version-history":[{"count":1,"href":"http:\/\/realnews-beilngries.de\/index.php?rest_route=\/wp\/v2\/posts\/3207\/revisions"}],"predecessor-version":[{"id":3212,"href":"http:\/\/realnews-beilngries.de\/index.php?rest_route=\/wp\/v2\/posts\/3207\/revisions\/3212"}],"wp:featuredmedia":[{"embeddable":true,"href":"http:\/\/realnews-beilngries.de\/index.php?rest_route=\/wp\/v2\/media\/3210"}],"wp:attachment":[{"href":"http:\/\/realnews-beilngries.de\/index.php?rest_route=%2Fwp%2Fv2%2Fmedia&parent=3207"}],"wp:term":[{"taxonomy":"category","embeddable":true,"href":"http:\/\/realnews-beilngries.de\/index.php?rest_route=%2Fwp%2Fv2%2Fcategories&post=3207"},{"taxonomy":"post_tag","embeddable":true,"href":"http:\/\/realnews-beilngries.de\/index.php?rest_route=%2Fwp%2Fv2%2Ftags&post=3207"}],"curies":[{"name":"wp","href":"https:\/\/api.w.org\/{rel}","templated":true}]}}