{"id":315,"date":"2018-12-04T14:40:43","date_gmt":"2018-12-04T13:40:43","guid":{"rendered":"http:\/\/realnews-beilngries.de\/?p=315"},"modified":"2018-12-07T08:26:59","modified_gmt":"2018-12-07T07:26:59","slug":"bio-im-kloster","status":"publish","type":"post","link":"http:\/\/realnews-beilngries.de\/?p=315","title":{"rendered":"Bio im Kloster"},"content":{"rendered":"<p>+++Ein Beitrag von Luca Strecker+++<\/p>\n<hr \/>\n<p>Am 23.11.2018 besuchten wir (Sabrina K\u00f6ppl, Luca Strecker und Anna Merkl) gemeinsam mit Herrn Fischer das Kloster Plankstetten, um weitere M\u00f6glichkeiten zu finden, wie wir ein Angebot nachhaltiger Lebensmittel in unserer Schule realisieren k\u00f6nnen. Dort angekommen fragten wir an der Rezeption nach Pater Bonifaz, welcher uns an diesem Tag durch das Kloster leiten sollte. In der Zwischenzeit sahen wir noch Pater Christoph, der auch im Kloster zuhause ist, mit welchem wir ein paar Worte wechselten.<\/p>\n<p>Anschlie\u00dfend gingen wir gemeinsam mit Pater Bonifaz zum klostereigenen Bio- und Fairtrade-Laden, welcher von der Kirche gehandhabt und verwaltet wird. In diesem Laden wurden wir vom Pater herumgef\u00fchrt und besprachen gemeinsam Umsetzungsm\u00f6glichkeiten in Sachen Fairtrade-, Regional- und Biolebensmittel f\u00fcr unsere Schule. Am Ende dieser kleinen F\u00fchrung lud uns der Pater noch in die Klosterschenke ein, in welcher wir dem gastfreundlichen und zuvorkommenden Gottesdiener einige Fragen zum Kloster stellten, w\u00e4hrend wir die hauseigene Kost und die biologischen Getr\u00e4nke einmal selbst probierten.<\/p>\n<p>Am Ende unseres vorz\u00fcglichen Essens und unserer kleinen Fragerunde verabschiedeten wir uns vom Pater und dankten f\u00fcr den sch\u00f6nen und kurzen, aber trotzdem erfolgreichen Aufenthalt und machten uns zur\u00fcck auf den Weg zur Schule, an welcher wir eine Viertelstunde vor Schulschluss p\u00fcnktlich ankamen.<\/p>\n","protected":false},"excerpt":{"rendered":"<p>+++Ein Beitrag von Luca Strecker+++ Am 23.11.2018 besuchten wir (Sabrina K\u00f6ppl, Luca Strecker und Anna Merkl) gemeinsam mit Herrn Fischer das Kloster Plankstetten, um weitere<\/p>\n","protected":false},"author":6,"featured_media":314,"comment_status":"open","ping_status":"open","sticky":false,"template":"","format":"standard","meta":[],"categories":[2],"tags":[17],"_links":{"self":[{"href":"http:\/\/realnews-beilngries.de\/index.php?rest_route=\/wp\/v2\/posts\/315"}],"collection":[{"href":"http:\/\/realnews-beilngries.de\/index.php?rest_route=\/wp\/v2\/posts"}],"about":[{"href":"http:\/\/realnews-beilngries.de\/index.php?rest_route=\/wp\/v2\/types\/post"}],"author":[{"embeddable":true,"href":"http:\/\/realnews-beilngries.de\/index.php?rest_route=\/wp\/v2\/users\/6"}],"replies":[{"embeddable":true,"href":"http:\/\/realnews-beilngries.de\/index.php?rest_route=%2Fwp%2Fv2%2Fcomments&post=315"}],"version-history":[{"count":6,"href":"http:\/\/realnews-beilngries.de\/index.php?rest_route=\/wp\/v2\/posts\/315\/revisions"}],"predecessor-version":[{"id":388,"href":"http:\/\/realnews-beilngries.de\/index.php?rest_route=\/wp\/v2\/posts\/315\/revisions\/388"}],"wp:featuredmedia":[{"embeddable":true,"href":"http:\/\/realnews-beilngries.de\/index.php?rest_route=\/wp\/v2\/media\/314"}],"wp:attachment":[{"href":"http:\/\/realnews-beilngries.de\/index.php?rest_route=%2Fwp%2Fv2%2Fmedia&parent=315"}],"wp:term":[{"taxonomy":"category","embeddable":true,"href":"http:\/\/realnews-beilngries.de\/index.php?rest_route=%2Fwp%2Fv2%2Fcategories&post=315"},{"taxonomy":"post_tag","embeddable":true,"href":"http:\/\/realnews-beilngries.de\/index.php?rest_route=%2Fwp%2Fv2%2Ftags&post=315"}],"curies":[{"name":"wp","href":"https:\/\/api.w.org\/{rel}","templated":true}]}}