{"id":3133,"date":"2022-10-05T09:53:12","date_gmt":"2022-10-05T07:53:12","guid":{"rendered":"http:\/\/realnews-beilngries.de\/?p=3133"},"modified":"2022-10-19T18:11:19","modified_gmt":"2022-10-19T16:11:19","slug":"au-revoir-paris-der-abschlusstag","status":"publish","type":"post","link":"http:\/\/realnews-beilngries.de\/?p=3133","title":{"rendered":"Au revoir, Paris: der Abschlusstag!"},"content":{"rendered":"\n<p><em><strong>Der Abreisetag der Parisfahrt kam doch schneller als erwartet und bereits jetzt blicken die Sch\u00fcler und Sch\u00fclerinnen mit Wehmut auf die Woche in Frankreichs Hauptstadt zur\u00fcck.<\/strong><\/em><\/p>\n\n\n\n<p>Ein weiteres Highlight blieb ihnen allerdings nicht verwehrt und so machten sich eine kleine Gruppe von zw\u00f6lf Personen und Herr Fischer auf den Weg, um die Op\u00e9ra Garnier von innen zu besichtigen. Diese Aktion geschah aufgrund der Nachfrage einzelner Sch\u00fclerinnen, welche sich diesen Besuch schon die ganze Woche lang gew\u00fcnscht hatten. Und sie wurden nicht entt\u00e4uscht. Schon von au\u00dfen sieht die Oper sehr beeindruckend aus und das Innenleben steht diesem in nichts nach. Die gro\u00dfen goldverzierten Hallen und der Vorstellungs-Saal versetzten alle in gro\u00dfes Staunen.<\/p>\n\n\n\n<div class=\"wp-block-image\"><figure class=\"aligncenter size-large is-resized\"><img decoding=\"async\" loading=\"lazy\" src=\"http:\/\/realnews-beilngries.de\/wp-content\/uploads\/2022\/10\/Bild-2-768x1024.jpg\" alt=\"\" class=\"wp-image-3136\" width=\"468\" height=\"624\" srcset=\"http:\/\/realnews-beilngries.de\/wp-content\/uploads\/2022\/10\/Bild-2-768x1024.jpg 768w, http:\/\/realnews-beilngries.de\/wp-content\/uploads\/2022\/10\/Bild-2-225x300.jpg 225w, http:\/\/realnews-beilngries.de\/wp-content\/uploads\/2022\/10\/Bild-2-1152x1536.jpg 1152w, http:\/\/realnews-beilngries.de\/wp-content\/uploads\/2022\/10\/Bild-2.jpg 1536w\" sizes=\"(max-width: 468px) 100vw, 468px\" \/><\/figure><\/div>\n\n\n\n<p>Dann musste sich die kleine Gruppe jedoch auf den Weg zum Hotel machen, um ihre Koffer zu packen und auszuchecken. Bevor der Zug in Richtung Heimat abfuhr, hatten die Sch\u00fcler und Sch\u00fclerinnen der 9. und 10. Klasse noch Zeit, um sich in einem Park in der N\u00e4he des Bahnhofs ein kurzes Mittagessen zu genehmigen. Dann kam auch schon der Zug und auf ging es nach Hause. Leider verlief auch diese Fahrt, genauso wie die Anreise, nicht ganz reibungslos. Jedoch konnten alle Anschlussz\u00fcge erreicht werden und schlie\u00dflich kam die Gruppe auch wie geplant wieder zu Hause an.<\/p>\n","protected":false},"excerpt":{"rendered":"<p>Der Abreisetag der Parisfahrt kam doch schneller als erwartet und bereits jetzt blicken die Sch\u00fcler und Sch\u00fclerinnen mit Wehmut auf die Woche in Frankreichs Hauptstadt<\/p>\n","protected":false},"author":19,"featured_media":3135,"comment_status":"open","ping_status":"open","sticky":false,"template":"","format":"standard","meta":[],"categories":[6],"tags":[45],"_links":{"self":[{"href":"http:\/\/realnews-beilngries.de\/index.php?rest_route=\/wp\/v2\/posts\/3133"}],"collection":[{"href":"http:\/\/realnews-beilngries.de\/index.php?rest_route=\/wp\/v2\/posts"}],"about":[{"href":"http:\/\/realnews-beilngries.de\/index.php?rest_route=\/wp\/v2\/types\/post"}],"author":[{"embeddable":true,"href":"http:\/\/realnews-beilngries.de\/index.php?rest_route=\/wp\/v2\/users\/19"}],"replies":[{"embeddable":true,"href":"http:\/\/realnews-beilngries.de\/index.php?rest_route=%2Fwp%2Fv2%2Fcomments&post=3133"}],"version-history":[{"count":1,"href":"http:\/\/realnews-beilngries.de\/index.php?rest_route=\/wp\/v2\/posts\/3133\/revisions"}],"predecessor-version":[{"id":3137,"href":"http:\/\/realnews-beilngries.de\/index.php?rest_route=\/wp\/v2\/posts\/3133\/revisions\/3137"}],"wp:featuredmedia":[{"embeddable":true,"href":"http:\/\/realnews-beilngries.de\/index.php?rest_route=\/wp\/v2\/media\/3135"}],"wp:attachment":[{"href":"http:\/\/realnews-beilngries.de\/index.php?rest_route=%2Fwp%2Fv2%2Fmedia&parent=3133"}],"wp:term":[{"taxonomy":"category","embeddable":true,"href":"http:\/\/realnews-beilngries.de\/index.php?rest_route=%2Fwp%2Fv2%2Fcategories&post=3133"},{"taxonomy":"post_tag","embeddable":true,"href":"http:\/\/realnews-beilngries.de\/index.php?rest_route=%2Fwp%2Fv2%2Ftags&post=3133"}],"curies":[{"name":"wp","href":"https:\/\/api.w.org\/{rel}","templated":true}]}}