{"id":3119,"date":"2022-09-22T15:59:06","date_gmt":"2022-09-22T13:59:06","guid":{"rendered":"http:\/\/realnews-beilngries.de\/?p=3119"},"modified":"2022-10-19T18:11:47","modified_gmt":"2022-10-19T16:11:47","slug":"zwischen-kunst-und-kirche-der-vierte-tag-in-paris","status":"publish","type":"post","link":"http:\/\/realnews-beilngries.de\/?p=3119","title":{"rendered":"Zwischen Kunst und Kirche &#8211; der vierte Tag in Paris!"},"content":{"rendered":"\n<p><em><strong>Am vierten Tag stand f\u00fcr unsere Reisegruppe in Paris vor allem die Kultur im Vordergrund &#8211; wobei das ja eigentlich in der franz\u00f6sischen Metropole immer und \u00fcberall der Fall ist&#8230;<\/strong><\/em><\/p>\n\n\n\n<p>Der sehr ereignis- und abwechslungsreiche vierte Tag in Paris startete sehr fr\u00fch. Die Sch\u00fclerinnen und Sch\u00fcler machten sich um 8.00 Uhr auf den Weg zum ber\u00fchmtesten Museum der Stadt: dem Louvre. Dort konnten sie ber\u00fchmte Werke wie die Mona Lisa oder die Venus von Milo bestaunen.<\/p>\n\n\n\n<div class=\"wp-block-image\"><figure class=\"aligncenter size-large is-resized\"><img decoding=\"async\" loading=\"lazy\" src=\"http:\/\/realnews-beilngries.de\/wp-content\/uploads\/2022\/09\/IMG-20220921-WA0004.jpg\" alt=\"\" class=\"wp-image-3121\" width=\"379\" height=\"505\" srcset=\"http:\/\/realnews-beilngries.de\/wp-content\/uploads\/2022\/09\/IMG-20220921-WA0004.jpg 768w, http:\/\/realnews-beilngries.de\/wp-content\/uploads\/2022\/09\/IMG-20220921-WA0004-225x300.jpg 225w\" sizes=\"(max-width: 379px) 100vw, 379px\" \/><figcaption>Das Dach des Louvre von unten.<\/figcaption><\/figure><\/div>\n\n\n\n<div class=\"wp-block-image\"><figure class=\"aligncenter size-large is-resized\"><img decoding=\"async\" loading=\"lazy\" src=\"http:\/\/realnews-beilngries.de\/wp-content\/uploads\/2022\/09\/IMG-20220921-WA0002-576x1024.jpg\" alt=\"\" class=\"wp-image-3122\" width=\"383\" height=\"680\" srcset=\"http:\/\/realnews-beilngries.de\/wp-content\/uploads\/2022\/09\/IMG-20220921-WA0002-576x1024.jpg 576w, http:\/\/realnews-beilngries.de\/wp-content\/uploads\/2022\/09\/IMG-20220921-WA0002-169x300.jpg 169w, http:\/\/realnews-beilngries.de\/wp-content\/uploads\/2022\/09\/IMG-20220921-WA0002-768x1365.jpg 768w, http:\/\/realnews-beilngries.de\/wp-content\/uploads\/2022\/09\/IMG-20220921-WA0002-864x1536.jpg 864w, http:\/\/realnews-beilngries.de\/wp-content\/uploads\/2022\/09\/IMG-20220921-WA0002.jpg 900w\" sizes=\"(max-width: 383px) 100vw, 383px\" \/><figcaption>Die ber\u00fchmteste Frau der Welt: die Mona Lisa.<\/figcaption><\/figure><\/div>\n\n\n\n<p>Nach einer kurzen Mittagspause bei den Les Halles machte sich die Gruppe auf den Weg zum ber\u00fchmten K\u00fcnstlerviertel Montmartre: Auf den steilen Treppen nach oben kamen alle ganz sch\u00f6n ins Schnaufen.<\/p>\n\n\n\n<p>Auch die Besichtigung der Sacre Coeur war ein weiteres Highlight des vierten Tages (siehe Titelbild).<\/p>\n","protected":false},"excerpt":{"rendered":"<p>Am vierten Tag stand f\u00fcr unsere Reisegruppe in Paris vor allem die Kultur im Vordergrund &#8211; wobei das ja eigentlich in der franz\u00f6sischen Metropole immer<\/p>\n","protected":false},"author":19,"featured_media":3120,"comment_status":"open","ping_status":"open","sticky":false,"template":"","format":"standard","meta":[],"categories":[6],"tags":[45],"_links":{"self":[{"href":"http:\/\/realnews-beilngries.de\/index.php?rest_route=\/wp\/v2\/posts\/3119"}],"collection":[{"href":"http:\/\/realnews-beilngries.de\/index.php?rest_route=\/wp\/v2\/posts"}],"about":[{"href":"http:\/\/realnews-beilngries.de\/index.php?rest_route=\/wp\/v2\/types\/post"}],"author":[{"embeddable":true,"href":"http:\/\/realnews-beilngries.de\/index.php?rest_route=\/wp\/v2\/users\/19"}],"replies":[{"embeddable":true,"href":"http:\/\/realnews-beilngries.de\/index.php?rest_route=%2Fwp%2Fv2%2Fcomments&post=3119"}],"version-history":[{"count":1,"href":"http:\/\/realnews-beilngries.de\/index.php?rest_route=\/wp\/v2\/posts\/3119\/revisions"}],"predecessor-version":[{"id":3123,"href":"http:\/\/realnews-beilngries.de\/index.php?rest_route=\/wp\/v2\/posts\/3119\/revisions\/3123"}],"wp:featuredmedia":[{"embeddable":true,"href":"http:\/\/realnews-beilngries.de\/index.php?rest_route=\/wp\/v2\/media\/3120"}],"wp:attachment":[{"href":"http:\/\/realnews-beilngries.de\/index.php?rest_route=%2Fwp%2Fv2%2Fmedia&parent=3119"}],"wp:term":[{"taxonomy":"category","embeddable":true,"href":"http:\/\/realnews-beilngries.de\/index.php?rest_route=%2Fwp%2Fv2%2Fcategories&post=3119"},{"taxonomy":"post_tag","embeddable":true,"href":"http:\/\/realnews-beilngries.de\/index.php?rest_route=%2Fwp%2Fv2%2Ftags&post=3119"}],"curies":[{"name":"wp","href":"https:\/\/api.w.org\/{rel}","templated":true}]}}