{"id":3099,"date":"2022-09-19T17:05:32","date_gmt":"2022-09-19T15:05:32","guid":{"rendered":"http:\/\/realnews-beilngries.de\/?p=3099"},"modified":"2022-10-19T18:12:29","modified_gmt":"2022-10-19T16:12:29","slug":"paris-paris-paris-eindruecke-von-der-studienfahrt-nach-frankreich","status":"publish","type":"post","link":"http:\/\/realnews-beilngries.de\/?p=3099","title":{"rendered":"&#8222;Paris, Paris, Paris&#8220; &#8211; Eindr\u00fccke von der Studienfahrt nach Frankreich!"},"content":{"rendered":"\n<p><em><strong>Kaum hat das neue Schuljahr begonnen, schon brechen die ersten Sch\u00fcler*innen aus der 9. und 10. Klasse samt Lehrkr\u00e4fte auf zu einer Studienfahrt nach Paris. Ob es dort wohl genauso zugeht, wie es in dem Schlager von Klubbb3 hei\u00dft: &#8222;Und dann feiern wir \u00b4ne Riesenparty auf dem Eiffelturm&#8220;? \ud83d\ude09<\/strong><\/em><\/p>\n\n\n\n<p>Der zweite Tag der Parisfahrt startete f\u00fcr die Sch\u00fclerinnen und Sch\u00fcler mit einem entspannten Fr\u00fchst\u00fcck im Hotel. Auf dem Weg zum Arc de Triomphe bestand f\u00fcr alle die M\u00f6glichkeit, die Champs-\u00c9lys\u00e9es auf eigene Faust zu erkunden.<\/p>\n\n\n\n<div class=\"wp-block-image\"><figure class=\"aligncenter size-large\"><img decoding=\"async\" loading=\"lazy\" width=\"1024\" height=\"576\" src=\"http:\/\/realnews-beilngries.de\/wp-content\/uploads\/2022\/09\/Paris-3-1024x576.jpg\" alt=\"\" class=\"wp-image-3101\" srcset=\"http:\/\/realnews-beilngries.de\/wp-content\/uploads\/2022\/09\/Paris-3-1024x576.jpg 1024w, http:\/\/realnews-beilngries.de\/wp-content\/uploads\/2022\/09\/Paris-3-300x169.jpg 300w, http:\/\/realnews-beilngries.de\/wp-content\/uploads\/2022\/09\/Paris-3-768x432.jpg 768w, http:\/\/realnews-beilngries.de\/wp-content\/uploads\/2022\/09\/Paris-3-1536x864.jpg 1536w, http:\/\/realnews-beilngries.de\/wp-content\/uploads\/2022\/09\/Paris-3.jpg 1600w\" sizes=\"(max-width: 1024px) 100vw, 1024px\" \/><\/figure><\/div>\n\n\n\n<p>Sp\u00e4ter lernten die Sch\u00fcler*innen einen der sch\u00f6nsten Ausblicke der Stadt kennen (siehe Titelbild): Der Aufstieg auf den Arc de Triomphe erfolgte \u00fcber eine lange und steile Wendeltreppe, die Jugendliche wie Lehrkr\u00e4fte ganz sch\u00f6n ins Schwitzen brachte.<\/p>\n\n\n\n<div class=\"wp-block-image\"><figure class=\"aligncenter size-large is-resized\"><img decoding=\"async\" loading=\"lazy\" src=\"http:\/\/realnews-beilngries.de\/wp-content\/uploads\/2022\/09\/Paris-2-576x1024.jpg\" alt=\"\" class=\"wp-image-3102\" width=\"428\" height=\"760\" srcset=\"http:\/\/realnews-beilngries.de\/wp-content\/uploads\/2022\/09\/Paris-2-576x1024.jpg 576w, http:\/\/realnews-beilngries.de\/wp-content\/uploads\/2022\/09\/Paris-2-169x300.jpg 169w, http:\/\/realnews-beilngries.de\/wp-content\/uploads\/2022\/09\/Paris-2-768x1365.jpg 768w, http:\/\/realnews-beilngries.de\/wp-content\/uploads\/2022\/09\/Paris-2-864x1536.jpg 864w, http:\/\/realnews-beilngries.de\/wp-content\/uploads\/2022\/09\/Paris-2.jpg 900w\" sizes=\"(max-width: 428px) 100vw, 428px\" \/><figcaption>Puuh &#8211; ganz sch\u00f6n viele Stufen!<\/figcaption><\/figure><\/div>\n\n\n\n<p>Nach einer kurzen Erholungspause ging es schlie\u00dflich zum Abendessen in die Stadt zur\u00fcck.<\/p>\n","protected":false},"excerpt":{"rendered":"<p>Kaum hat das neue Schuljahr begonnen, schon brechen die ersten Sch\u00fcler*innen aus der 9. und 10. Klasse samt Lehrkr\u00e4fte auf zu einer Studienfahrt nach Paris.<\/p>\n","protected":false},"author":19,"featured_media":3100,"comment_status":"open","ping_status":"open","sticky":false,"template":"","format":"standard","meta":[],"categories":[6],"tags":[45],"_links":{"self":[{"href":"http:\/\/realnews-beilngries.de\/index.php?rest_route=\/wp\/v2\/posts\/3099"}],"collection":[{"href":"http:\/\/realnews-beilngries.de\/index.php?rest_route=\/wp\/v2\/posts"}],"about":[{"href":"http:\/\/realnews-beilngries.de\/index.php?rest_route=\/wp\/v2\/types\/post"}],"author":[{"embeddable":true,"href":"http:\/\/realnews-beilngries.de\/index.php?rest_route=\/wp\/v2\/users\/19"}],"replies":[{"embeddable":true,"href":"http:\/\/realnews-beilngries.de\/index.php?rest_route=%2Fwp%2Fv2%2Fcomments&post=3099"}],"version-history":[{"count":1,"href":"http:\/\/realnews-beilngries.de\/index.php?rest_route=\/wp\/v2\/posts\/3099\/revisions"}],"predecessor-version":[{"id":3103,"href":"http:\/\/realnews-beilngries.de\/index.php?rest_route=\/wp\/v2\/posts\/3099\/revisions\/3103"}],"wp:featuredmedia":[{"embeddable":true,"href":"http:\/\/realnews-beilngries.de\/index.php?rest_route=\/wp\/v2\/media\/3100"}],"wp:attachment":[{"href":"http:\/\/realnews-beilngries.de\/index.php?rest_route=%2Fwp%2Fv2%2Fmedia&parent=3099"}],"wp:term":[{"taxonomy":"category","embeddable":true,"href":"http:\/\/realnews-beilngries.de\/index.php?rest_route=%2Fwp%2Fv2%2Fcategories&post=3099"},{"taxonomy":"post_tag","embeddable":true,"href":"http:\/\/realnews-beilngries.de\/index.php?rest_route=%2Fwp%2Fv2%2Ftags&post=3099"}],"curies":[{"name":"wp","href":"https:\/\/api.w.org\/{rel}","templated":true}]}}