{"id":3077,"date":"2022-08-01T18:03:21","date_gmt":"2022-08-01T16:03:21","guid":{"rendered":"http:\/\/realnews-beilngries.de\/?p=3077"},"modified":"2022-08-01T18:08:16","modified_gmt":"2022-08-01T16:08:16","slug":"unsere-besten-beim-malwettbewerb-was-ist-schoen","status":"publish","type":"post","link":"http:\/\/realnews-beilngries.de\/?p=3077","title":{"rendered":"Unsere Besten \u2013 beim Malwettbewerb \u201eWas ist sch\u00f6n?\u201c"},"content":{"rendered":"\n<p><em><strong>Mit der Frage \u201eWas ist sch\u00f6n?\u201c haben sich in diesem Schuljahr die Sch\u00fclerinnen und Sch\u00fcler der Altm\u00fchltal-Realschule beim Malwettbewerb \u201ejugend creativ\u201c auseinandergesetzt. Die individuellen Antworten der Nachwuchsk\u00fcnstler*innen waren ausgesprochen kreativ und vielseitig. Die Titel der selbstgestalteten Bilder lauteten beispielsweise \u201eUnzertrennliche Freundschaft\u201c, \u201eSonnenuntergang am See\u201c oder \u201eUrlaub\u201c.<\/strong> (Ein Bericht von Frau Duft.)<\/em><\/p>\n\n\n\n<figure class=\"wp-block-image size-large\"><img decoding=\"async\" loading=\"lazy\" width=\"1024\" height=\"477\" src=\"http:\/\/realnews-beilngries.de\/wp-content\/uploads\/2022\/08\/2022_Malwettbewerb_Was-ist-schoen_2-1024x477.jpg\" alt=\"\" class=\"wp-image-3079\" srcset=\"http:\/\/realnews-beilngries.de\/wp-content\/uploads\/2022\/08\/2022_Malwettbewerb_Was-ist-schoen_2-1024x477.jpg 1024w, http:\/\/realnews-beilngries.de\/wp-content\/uploads\/2022\/08\/2022_Malwettbewerb_Was-ist-schoen_2-300x140.jpg 300w, http:\/\/realnews-beilngries.de\/wp-content\/uploads\/2022\/08\/2022_Malwettbewerb_Was-ist-schoen_2-768x358.jpg 768w, http:\/\/realnews-beilngries.de\/wp-content\/uploads\/2022\/08\/2022_Malwettbewerb_Was-ist-schoen_2.jpg 1283w\" sizes=\"(max-width: 1024px) 100vw, 1024px\" \/><figcaption>Die Klassensieger &#8230;<\/figcaption><\/figure>\n\n\n\n<p>Am Donnerstag, dem 7. Juli 2022, fand dann endlich die mit Spannung erwartete Preisverleihung durch Frau Schneider und Herrn Schmidtner von der Raiffeisen Bank Beilngries und Schulleiter Herrn Schuster statt. Eine Jury hatte im Vorfeld die 399 Bilder der Realsch\u00fcler aus den 15 teilnehmenden Klassen gesichtet und belohnte jeweils die Klassen- und Schulsieger mit tollen Preisen. Die Bilder der Schulsieger werden im kommenden Schuljahr im Schulhaus ausgestellt.<\/p>\n\n\n\n<figure class=\"wp-block-image size-large\"><img decoding=\"async\" loading=\"lazy\" width=\"1024\" height=\"537\" src=\"http:\/\/realnews-beilngries.de\/wp-content\/uploads\/2022\/08\/2022_Malwettbewerb_Was-ist-schoen_1-1024x537.jpg\" alt=\"\" class=\"wp-image-3078\" srcset=\"http:\/\/realnews-beilngries.de\/wp-content\/uploads\/2022\/08\/2022_Malwettbewerb_Was-ist-schoen_1-1024x537.jpg 1024w, http:\/\/realnews-beilngries.de\/wp-content\/uploads\/2022\/08\/2022_Malwettbewerb_Was-ist-schoen_1-300x157.jpg 300w, http:\/\/realnews-beilngries.de\/wp-content\/uploads\/2022\/08\/2022_Malwettbewerb_Was-ist-schoen_1-768x403.jpg 768w, http:\/\/realnews-beilngries.de\/wp-content\/uploads\/2022\/08\/2022_Malwettbewerb_Was-ist-schoen_1.jpg 1375w\" sizes=\"(max-width: 1024px) 100vw, 1024px\" \/><figcaption>&#8230; und die Schulsieger des Malwettbewerbs &#8222;Was ist sch\u00f6n?&#8220;.<\/figcaption><\/figure>\n\n\n\n<p>Am 4. Oktober 2022 geht der Malwettbewerb mit dem Thema \u201eWIR. Wie sieht Zusammenhalt aus?\u201c in die n\u00e4chste Runde.<\/p>\n","protected":false},"excerpt":{"rendered":"<p>Mit der Frage \u201eWas ist sch\u00f6n?\u201c haben sich in diesem Schuljahr die Sch\u00fclerinnen und Sch\u00fcler der Altm\u00fchltal-Realschule beim Malwettbewerb \u201ejugend creativ\u201c auseinandergesetzt. Die individuellen Antworten<\/p>\n","protected":false},"author":19,"featured_media":3079,"comment_status":"open","ping_status":"open","sticky":false,"template":"","format":"standard","meta":[],"categories":[2],"tags":[30],"_links":{"self":[{"href":"http:\/\/realnews-beilngries.de\/index.php?rest_route=\/wp\/v2\/posts\/3077"}],"collection":[{"href":"http:\/\/realnews-beilngries.de\/index.php?rest_route=\/wp\/v2\/posts"}],"about":[{"href":"http:\/\/realnews-beilngries.de\/index.php?rest_route=\/wp\/v2\/types\/post"}],"author":[{"embeddable":true,"href":"http:\/\/realnews-beilngries.de\/index.php?rest_route=\/wp\/v2\/users\/19"}],"replies":[{"embeddable":true,"href":"http:\/\/realnews-beilngries.de\/index.php?rest_route=%2Fwp%2Fv2%2Fcomments&post=3077"}],"version-history":[{"count":3,"href":"http:\/\/realnews-beilngries.de\/index.php?rest_route=\/wp\/v2\/posts\/3077\/revisions"}],"predecessor-version":[{"id":3082,"href":"http:\/\/realnews-beilngries.de\/index.php?rest_route=\/wp\/v2\/posts\/3077\/revisions\/3082"}],"wp:featuredmedia":[{"embeddable":true,"href":"http:\/\/realnews-beilngries.de\/index.php?rest_route=\/wp\/v2\/media\/3079"}],"wp:attachment":[{"href":"http:\/\/realnews-beilngries.de\/index.php?rest_route=%2Fwp%2Fv2%2Fmedia&parent=3077"}],"wp:term":[{"taxonomy":"category","embeddable":true,"href":"http:\/\/realnews-beilngries.de\/index.php?rest_route=%2Fwp%2Fv2%2Fcategories&post=3077"},{"taxonomy":"post_tag","embeddable":true,"href":"http:\/\/realnews-beilngries.de\/index.php?rest_route=%2Fwp%2Fv2%2Ftags&post=3077"}],"curies":[{"name":"wp","href":"https:\/\/api.w.org\/{rel}","templated":true}]}}