{"id":307,"date":"2018-12-04T14:25:17","date_gmt":"2018-12-04T13:25:17","guid":{"rendered":"http:\/\/realnews-beilngries.de\/?p=307"},"modified":"2018-12-07T08:27:35","modified_gmt":"2018-12-07T07:27:35","slug":"realschule-beilngries-erhaelt-mint21-preis","status":"publish","type":"post","link":"http:\/\/realnews-beilngries.de\/?p=307","title":{"rendered":"Realschule Beilngries erh\u00e4lt Mint21-Preis"},"content":{"rendered":"<p>+++Ein Bericht von Herrn Nutz+++<\/p>\n<hr \/>\n<p>Der Aufwand hat sich gelohnt: Zusammen mit sieben anderen bayerischen Realschulen erhielt die Altm\u00fchltal-Realschule Beilngries den \u201eMINT21-Preis\u201c f\u00fcr den Wahlunterricht \u201eProgrammieren mit Scratch\u201c. Der Preis wurde im Rahmen einer feierlichen Verleihung am 21.11.2018 in M\u00fcnchen im Haus der bayerischen Wirtschaft \u00fcberreicht. Als Vertreter der Realschule nahmen, stellvertretend f\u00fcr die Sch\u00fcler, Marie Frank, Leon Marschall und Valentin Schmailzl und als Vertreter des Kollegiums Herr Nutz und Herr Hausner teil. Unterst\u00fctzt wurden Sie vom Schulleiter Herrn Schuster.<\/p>\n<p>In Bayern gibt es derzeit 71 MINT21-Schulen. Ihr Ziel ist es, in besonderer Weise das Interesse ihrer Sch\u00fclerinnen und Sch\u00fcler an den MINT-F\u00e4chern zu f\u00f6rdern. Die Vertreter der Realschule Beilngries erhielten aus den H\u00e4nden von Kultusminister Prof. Dr. Michael Piazolo, der auch die Laudatio hielt, den mit 500 Euro dotierten Preis.<\/p>\n<p>Die MINT21-Initiative wurde 2010 als Teil der Initiative Realschule21 gestartet, um das besondere Profil der Schulart Realschule weiter zu sch\u00e4rfen und den Unterricht in den MINT-F\u00e4chern an bayerischen Realschulen weiterzuentwickeln. Ab dem Schuljahr 2018\/2019 wurde die Initiative um weitere drei Jahre verl\u00e4ngert und gem\u00e4\u00df ihrer neuen Schwerpunktsetzung in MINT21-DIGITAL umbenannt.<\/p>\n<p>Ziel von MINT21 ist es, die Kompetenzen der Sch\u00fclerinnen und Sch\u00fcler im MINT-Bereich zu st\u00e4rken und sie so sowohl auf anspruchsvolle Berufsausbildungen als auch auf die schulische Weiterbildung bis hin zur Hochschulreife noch besser vorzubereiten. Mit dem \u201eMINT21-Preis\u201c werden MINT21-Realschulen ausgezeichnet, die mit besonderen Projekten naturwissenschaftlich-technische Kompetenzen der Sch\u00fclerinnen und Sch\u00fcler f\u00f6rdern.<\/p>\n<p>Im Rahmen des Wahlunterrichts an der Realschule Beilngries wurden den Sch\u00fclerinnen und Sch\u00fcler im ersten Schulhalbjahr die Grundz\u00fcge des Programmierens mit Scratch beigebracht, im zweiten Halbjahr setzten Sie dann eigene Ideen und Projekte um. Eines dieser Projekte wurde bei der Preisverleihung durch die Sch\u00fclerinnen und Sch\u00fcler dem Publikum vorgestellt.<\/p>\n","protected":false},"excerpt":{"rendered":"<p>+++Ein Bericht von Herrn Nutz+++ Der Aufwand hat sich gelohnt: Zusammen mit sieben anderen bayerischen Realschulen erhielt die Altm\u00fchltal-Realschule Beilngries den \u201eMINT21-Preis\u201c f\u00fcr den Wahlunterricht<\/p>\n","protected":false},"author":6,"featured_media":306,"comment_status":"open","ping_status":"open","sticky":false,"template":"","format":"standard","meta":[],"categories":[2],"tags":[16],"_links":{"self":[{"href":"http:\/\/realnews-beilngries.de\/index.php?rest_route=\/wp\/v2\/posts\/307"}],"collection":[{"href":"http:\/\/realnews-beilngries.de\/index.php?rest_route=\/wp\/v2\/posts"}],"about":[{"href":"http:\/\/realnews-beilngries.de\/index.php?rest_route=\/wp\/v2\/types\/post"}],"author":[{"embeddable":true,"href":"http:\/\/realnews-beilngries.de\/index.php?rest_route=\/wp\/v2\/users\/6"}],"replies":[{"embeddable":true,"href":"http:\/\/realnews-beilngries.de\/index.php?rest_route=%2Fwp%2Fv2%2Fcomments&post=307"}],"version-history":[{"count":5,"href":"http:\/\/realnews-beilngries.de\/index.php?rest_route=\/wp\/v2\/posts\/307\/revisions"}],"predecessor-version":[{"id":390,"href":"http:\/\/realnews-beilngries.de\/index.php?rest_route=\/wp\/v2\/posts\/307\/revisions\/390"}],"wp:featuredmedia":[{"embeddable":true,"href":"http:\/\/realnews-beilngries.de\/index.php?rest_route=\/wp\/v2\/media\/306"}],"wp:attachment":[{"href":"http:\/\/realnews-beilngries.de\/index.php?rest_route=%2Fwp%2Fv2%2Fmedia&parent=307"}],"wp:term":[{"taxonomy":"category","embeddable":true,"href":"http:\/\/realnews-beilngries.de\/index.php?rest_route=%2Fwp%2Fv2%2Fcategories&post=307"},{"taxonomy":"post_tag","embeddable":true,"href":"http:\/\/realnews-beilngries.de\/index.php?rest_route=%2Fwp%2Fv2%2Ftags&post=307"}],"curies":[{"name":"wp","href":"https:\/\/api.w.org\/{rel}","templated":true}]}}