{"id":3049,"date":"2022-07-27T07:38:57","date_gmt":"2022-07-27T05:38:57","guid":{"rendered":"http:\/\/realnews-beilngries.de\/?p=3049"},"modified":"2022-07-27T07:38:57","modified_gmt":"2022-07-27T05:38:57","slug":"tag-des-baumes-oder-nur-was-man-kennt-liebt-und-schuetzt-man","status":"publish","type":"post","link":"http:\/\/realnews-beilngries.de\/?p=3049","title":{"rendered":"\u201eTag des Baumes\u201c \u2026 oder: \u201eNur was man kennt, liebt und sch\u00fctzt man.\u201c"},"content":{"rendered":"\n<p><em><strong>Nach zwei Jahren Coronapause war es endlich wieder so weit: Am 18. und 19. Juli 2022 durften die 6. Klassen am \u201eTag des Baumes\u201c wieder in den Wald am Arzberg und verschiedene Stationen bearbeiten. Von der Schule ging es steil hinauf zum Waldlehrpfad, wo der neue F\u00f6rster Jakob Hiller alle bei der Forstmeister-Mei\u00dfner-H\u00fctte begr\u00fc\u00dfte.<\/strong> (Ein Bericht von Frau Knon.)<\/em><\/p>\n\n\n\n<p>Nach einer kurzen Erkl\u00e4rung, wie man sich denn im Wald verhalten sollte, wurde erl\u00e4utert, warum es so wichtig sei, Tiere und Pflanzen der Heimat zu kennen. Unter dem Motto \u201eMan liebt nur, was man kennt und man sch\u00fctzt nur, was man liebt\u201c, einem Zitat von Konrad Lorenz, sollte den Kindern an diesem besonderen Vormittag vieles \u00fcber den Wald und seine Bewohner vermittelt werden. Im Sinne der Nachhaltigkeit sollten die Sch\u00fclerinnen und Sch\u00fcler die Aufgaben des Waldes kennen und sch\u00e4tzen lernen und die Tiere und Pflanzen mit Respekt behandeln.<\/p>\n\n\n\n<div class=\"wp-block-image\"><figure class=\"aligncenter size-large\"><img decoding=\"async\" loading=\"lazy\" width=\"1024\" height=\"768\" src=\"http:\/\/realnews-beilngries.de\/wp-content\/uploads\/2022\/07\/Baum-3-1.jpg\" alt=\"\" class=\"wp-image-3052\" srcset=\"http:\/\/realnews-beilngries.de\/wp-content\/uploads\/2022\/07\/Baum-3-1.jpg 1024w, http:\/\/realnews-beilngries.de\/wp-content\/uploads\/2022\/07\/Baum-3-1-300x225.jpg 300w, http:\/\/realnews-beilngries.de\/wp-content\/uploads\/2022\/07\/Baum-3-1-768x576.jpg 768w\" sizes=\"(max-width: 1024px) 100vw, 1024px\" \/><\/figure><\/div>\n\n\n\n<p>An neun verschiedenen Stationen durften die Kinder zum Beispiel B\u00e4ume, Bl\u00fctenpflanzen und Tierspuren bestimmen; au\u00dferdem sollten die Sechstkl\u00e4ssler erf\u00fchlen, welche Materialien aus dem Wald kleine Holzk\u00e4stchen enthielten. Besonders knifflig war die Station, bei der es darum ging, Vogelstimmen zu erraten.<\/p>\n\n\n\n<p>Den betreuenden Lehrkr\u00e4ften war es ein gro\u00dfes Anliegen, den Kindern auf spielerische Art und Weise das \u00d6kosystem Wald n\u00e4her zu bringen. Da die eingeteilten Gruppen zeitversetzt an der H\u00fctte starteten, durften die, die warten mussten, ihr Gl\u00fcck beim Zapfenwerfen versuchen und ein Wald-Mandala legen. Dieses Mandala wurde aus Materialien, die die Kinder am Waldboden fanden, gelegt. So entstanden tolle Kunstwerke aus Zapfen, Moos, \u00c4sten, Bl\u00fcten, Schneckenh\u00e4usern und vielen anderen Sch\u00e4tzen aus der Natur.<\/p>\n\n\n\n<div class=\"wp-block-image\"><figure class=\"aligncenter size-large\"><img decoding=\"async\" loading=\"lazy\" width=\"810\" height=\"608\" src=\"http:\/\/realnews-beilngries.de\/wp-content\/uploads\/2022\/07\/Baum-2.jpg\" alt=\"\" class=\"wp-image-3050\" srcset=\"http:\/\/realnews-beilngries.de\/wp-content\/uploads\/2022\/07\/Baum-2.jpg 810w, http:\/\/realnews-beilngries.de\/wp-content\/uploads\/2022\/07\/Baum-2-300x225.jpg 300w, http:\/\/realnews-beilngries.de\/wp-content\/uploads\/2022\/07\/Baum-2-768x576.jpg 768w\" sizes=\"(max-width: 810px) 100vw, 810px\" \/><\/figure><\/div>\n\n\n\n<p>Nach diesen intensiven Stunden wurde wieder einmal deutlich, welches unersch\u00f6pfliche Reservoir an M\u00f6glichkeiten der Wald zum Spielen, Entdecken und Lernen bietet. Durch den Aufenthalt in der Natur erfahren die Kinder die Umwelt in einer Intensit\u00e4t, die sie nachhaltig pr\u00e4gt. Jetzt bleibt nur zu hoffen, dass der Tag des Baumes auch im n\u00e4chsten Jahr wieder m\u00f6glich ist, damit auch die zuk\u00fcnftigen Sechstkl\u00e4ssler das lieben und sch\u00fctzen, was sie im Wald kennengelernt haben.<\/p>\n","protected":false},"excerpt":{"rendered":"<p>Nach zwei Jahren Coronapause war es endlich wieder so weit: Am 18. und 19. Juli 2022 durften die 6. Klassen am \u201eTag des Baumes\u201c wieder<\/p>\n","protected":false},"author":19,"featured_media":3053,"comment_status":"open","ping_status":"open","sticky":false,"template":"","format":"standard","meta":[],"categories":[6],"tags":[171],"_links":{"self":[{"href":"http:\/\/realnews-beilngries.de\/index.php?rest_route=\/wp\/v2\/posts\/3049"}],"collection":[{"href":"http:\/\/realnews-beilngries.de\/index.php?rest_route=\/wp\/v2\/posts"}],"about":[{"href":"http:\/\/realnews-beilngries.de\/index.php?rest_route=\/wp\/v2\/types\/post"}],"author":[{"embeddable":true,"href":"http:\/\/realnews-beilngries.de\/index.php?rest_route=\/wp\/v2\/users\/19"}],"replies":[{"embeddable":true,"href":"http:\/\/realnews-beilngries.de\/index.php?rest_route=%2Fwp%2Fv2%2Fcomments&post=3049"}],"version-history":[{"count":1,"href":"http:\/\/realnews-beilngries.de\/index.php?rest_route=\/wp\/v2\/posts\/3049\/revisions"}],"predecessor-version":[{"id":3054,"href":"http:\/\/realnews-beilngries.de\/index.php?rest_route=\/wp\/v2\/posts\/3049\/revisions\/3054"}],"wp:featuredmedia":[{"embeddable":true,"href":"http:\/\/realnews-beilngries.de\/index.php?rest_route=\/wp\/v2\/media\/3053"}],"wp:attachment":[{"href":"http:\/\/realnews-beilngries.de\/index.php?rest_route=%2Fwp%2Fv2%2Fmedia&parent=3049"}],"wp:term":[{"taxonomy":"category","embeddable":true,"href":"http:\/\/realnews-beilngries.de\/index.php?rest_route=%2Fwp%2Fv2%2Fcategories&post=3049"},{"taxonomy":"post_tag","embeddable":true,"href":"http:\/\/realnews-beilngries.de\/index.php?rest_route=%2Fwp%2Fv2%2Ftags&post=3049"}],"curies":[{"name":"wp","href":"https:\/\/api.w.org\/{rel}","templated":true}]}}